{"id":48054,"date":"2019-07-24T08:47:54","date_gmt":"2019-07-24T12:47:54","guid":{"rendered":"https:\/\/linitiative.ca\/International\/el-jadida-fin-de-parcours-pour-deux-cambrioleurs-de-pharmacies\/"},"modified":"2019-07-24T08:47:54","modified_gmt":"2019-07-24T12:47:54","slug":"el-jadida-fin-de-parcours-pour-deux-cambrioleurs-de-pharmacies","status":"publish","type":"post","link":"https:\/\/linitiative.ca\/International\/el-jadida-fin-de-parcours-pour-deux-cambrioleurs-de-pharmacies\/","title":{"rendered":"El Jadida : Fin de parcours pour deux cambrioleurs de pharmacies"},"content":{"rendered":"<header>\n<\/header>\n<div class=\"entry-content clearfix\" readability=\"48\"><img decoding=\"async\" class=\"post_layout_5_img\" src=\"http:\/\/aujourdhui.ma\/wp-content\/uploads\/2016\/02\/cambrioleur-Voleur-Police-Maroc.jpg?x29840\" alt=\"El Jadida : Fin de parcours pour deux cambrioleurs de pharmacies\"\/><\/p>\n<p class=\"p1\"><span class=\"s1 c4\"><strong>Deux malfaiteurs, \u00e2g\u00e9s respectivement de trente et trente-trois ans, impliqu\u00e9s dans le cambriolage de trois pharmacies \u00e0 El Jadida et tentative de cambriolage d\u2019une quatri\u00e8me ont \u00e9t\u00e9 conduits, jeudi dernier, sur les sc\u00e8nes du crime pour effectuer, sous les yeux des limiers de la PJ d\u2019El Jadida, la reconstitution de leurs quatre op\u00e9rations.<\/strong><\/span> <span id=\"more-315641\"\/><\/p>\n<p class=\"p1\"><span class=\"s1\">Le cambriolage \u00e0 r\u00e9p\u00e9tition des pharmacies tracassait les enqu\u00eateurs de la PJ. Ceux-ci se sont mobilis\u00e9s pour mettre hors d\u2019\u00e9tat de nuire les malfrats. Ils sont finalement arriv\u00e9s \u00e0 \u00e9pingler les cambrioleurs, au nombre de deux. Ils ont ouvert par effraction trois pharmacies situ\u00e9es au centre-ville et y ont d\u00e9rob\u00e9 des appareils \u00e9lectroniques, des ch\u00e8ques et une somme globale de pr\u00e8s de 50 mille dirhams alors qu\u2019ils ont \u00e9chou\u00e9 \u00e0 cambrioler une quatri\u00e8me pharmacie.<\/span><\/p>\n<\/div>\n<p>Auteur: Abderrafii ALOUMLIKI<br \/>\n<a href=\"http:\/\/aujourdhui.ma\/faits-divers\/el-jadida-fin-de-parcours-pour-deux-cambrioleurs-de-pharmacies\">Cliquez ici pour lire l&rsquo;article depuis sa source.<\/a><\/p>\n","protected":false},"excerpt":{"rendered":"<p>Deux malfaiteurs, \u00e2g\u00e9s respectivement de trente et trente-trois ans, impliqu\u00e9s dans le cambriolage de trois pharmacies \u00e0 El Jadida et tentative de cambriolage d\u2019une quatri\u00e8me ont \u00e9t\u00e9 conduits, jeudi dernier, sur les sc\u00e8nes du crime pour effectuer, sous les yeux des limiers de la PJ d\u2019El Jadida, la reconstitution de leurs quatre op\u00e9rations. Le cambriolage [&hellip;]<\/p>\n","protected":false},"author":1759,"featured_media":0,"comment_status":"closed","ping_status":"closed","sticky":false,"template":"","format":"standard","meta":{"fifu_image_url":"","fifu_image_alt":"","footnotes":""},"categories":[73,54],"tags":[],"class_list":["post-48054","post","type-post","status-publish","format-standard","hentry","category-actualite","category-maroc"],"_links":{"self":[{"href":"https:\/\/linitiative.ca\/International\/wp-json\/wp\/v2\/posts\/48054","targetHints":{"allow":["GET"]}}],"collection":[{"href":"https:\/\/linitiative.ca\/International\/wp-json\/wp\/v2\/posts"}],"about":[{"href":"https:\/\/linitiative.ca\/International\/wp-json\/wp\/v2\/types\/post"}],"author":[{"embeddable":true,"href":"https:\/\/linitiative.ca\/International\/wp-json\/wp\/v2\/users\/1759"}],"replies":[{"embeddable":true,"href":"https:\/\/linitiative.ca\/International\/wp-json\/wp\/v2\/comments?post=48054"}],"version-history":[{"count":0,"href":"https:\/\/linitiative.ca\/International\/wp-json\/wp\/v2\/posts\/48054\/revisions"}],"wp:attachment":[{"href":"https:\/\/linitiative.ca\/International\/wp-json\/wp\/v2\/media?parent=48054"}],"wp:term":[{"taxonomy":"category","embeddable":true,"href":"https:\/\/linitiative.ca\/International\/wp-json\/wp\/v2\/categories?post=48054"},{"taxonomy":"post_tag","embeddable":true,"href":"https:\/\/linitiative.ca\/International\/wp-json\/wp\/v2\/tags?post=48054"}],"curies":[{"name":"wp","href":"https:\/\/api.w.org\/{rel}","templated":true}]}}