{"id":48056,"date":"2019-07-24T09:13:13","date_gmt":"2019-07-24T13:13:13","guid":{"rendered":"https:\/\/linitiative.ca\/International\/mohamed-belmou-on-refuse-de-soutenir-festibaz-juste-parce-quil-celebre-lane\/"},"modified":"2019-07-24T09:13:13","modified_gmt":"2019-07-24T13:13:13","slug":"mohamed-belmou-on-refuse-de-soutenir-festibaz-juste-parce-quil-celebre-lane","status":"publish","type":"post","link":"https:\/\/linitiative.ca\/International\/mohamed-belmou-on-refuse-de-soutenir-festibaz-juste-parce-quil-celebre-lane\/","title":{"rendered":"Mohamed Belmou : \u00abOn refuse de soutenir Festibaz juste parce qu\u2019il c\u00e9l\u00e8bre l\u2019\u00e2ne !\u00bb"},"content":{"rendered":"<p><img decoding=\"async\" class=\"post_layout_5_img\" src=\"http:\/\/aujourdhui.ma\/wp-content\/uploads\/2019\/07\/Mohamed-Belmou-directeur-du-Festibaz.jpg?x29840\" alt=\"Mohamed Belmou : \u00abOn refuse de soutenir Festibaz juste parce qu\u2019il c\u00e9l\u00e8bre l\u2019\u00e2ne !\u00bb\"\/><\/p>\n<p class=\"p1\"><span class=\"c4\"><strong><em>Entretien avec<\/em> Mohamed Belmou, <em>directeur du \u00abFestibaz\u00bb<\/em><\/strong><\/span><span id=\"more-315740\"\/><\/p>\n<div class=\"base-box mom_box_sc_custom mom_box_sc clear c5\" readability=\"14\">\n<p class=\"p1\"><strong><em>Le Festival des \u00e2nes (Festibaz), qui sera organis\u00e9, du 25 au 28 juillet par l\u2019association Iklaa pour le d\u00e9veloppement int\u00e9gr\u00e9 \u00e0 la Kasbah Beni Ammar Zerhoun, est de retour, pour une 12\u00e8me \u00e9dition apr\u00e8s une absence de longues ann\u00e9es. Son directeur et pr\u00e9sident de l\u2019association s\u2019exprime sur ce come-back et ses diff\u00e9rentes particularit\u00e9s.<\/em><\/strong><\/p>\n<\/div>\n<p class=\"p1\"><span class=\"s1\"><strong>ALM : D\u00e9j\u00e0 l\u2019id\u00e9e d\u2019un festival des \u00e2nes est \u00e9tonnante et appr\u00e9ci\u00e9e \u00e0 la fois. Que r\u00e9pondez-vous \u00e0 cela ?<\/strong><\/span><\/p>\n<p class=\"p1\"><span class=\"s1\"><strong>Mohamed Belmou :<\/strong> Cet \u00e9tonnement est d\u00fb \u00e0 l\u2019habitude des festivals qui se ressemblent et poussent comme des champignons. Donc, la majorit\u00e9 des personnes est \u00e9pat\u00e9e soit parce qu\u2019elle n\u2019admet pas la cr\u00e9ativit\u00e9, soit parce qu\u2019elle ne s\u2019est pas affranchie du st\u00e9r\u00e9otype humiliant de l\u2019\u00e2ne. C\u2019est pour cela que cette cat\u00e9gorie r\u00e9serve le m\u00eame traitement au festival. Chose qui cr\u00e9e des ennuis notamment en termes de soutien. Souvent, nous rencontrons des responsables qui refusent de soutenir le festival et le critiquent juste parce qu\u2019il c\u00e9l\u00e8bre l\u2019\u00e2ne !\u00a0<\/span><\/p>\n<p class=\"p1\"><span class=\"s1\"><strong>Alors, quel serait le budget du Festibaz ?<\/strong><\/span><\/p>\n<p class=\"p1\"><span class=\"s1\">Il est difficile d\u2019en parler puisque nous n\u2019avons pas encore id\u00e9e de la contribution de ceux qui nous ont promis de nous soutenir bien que nous les ayons contact\u00e9 depuis des mois. Par l\u2019occasion, nous ne disposons, depuis la 11\u00e8me \u00e9dition en 2013, que d\u2019un petit budget qui ne peut servir \u00e0 aucun festival voulant avoir un rayonnement international.<span class=\"Apple-converted-space\">\u00a0<\/span> Par contre, d\u2019autres festivals disposent depuis les premi\u00e8res \u00e9ditions d\u2019un soutien financier d\u00e9passant un million DH. Durant les \u00e9ditions pr\u00e9c\u00e9dentes de Festibaz, nous n\u2019avons pas d\u00e9pass\u00e9, pour toute \u00e9dition, 100.000 DH. Un chiffre qui se passe de tout commentaire. Cependant, si nous disposions pour cette \u00e9dition d\u2019un budget de 400.000 DH, nous l\u2019aurions organis\u00e9 dans de meilleures conditions et avec succ\u00e8s, voire sans difficult\u00e9s et g\u00eane avec les participants.<\/span><\/p>\n<p><a href=\"http:\/\/aujourdhui.ma\/wp-content\/uploads\/2019\/07\/Festibaz.jpg?x29840\"><img loading=\"lazy\" decoding=\"async\" class=\"size-full wp-image-315741 aligncenter\" src=\"http:\/\/aujourdhui.ma\/wp-content\/uploads\/2019\/07\/Festibaz.jpg?x29840\" alt=\"\" width=\"309\" height=\"380\" srcset=\"http:\/\/aujourdhui.ma\/wp-content\/uploads\/2019\/07\/Festibaz.jpg 309w, http:\/\/aujourdhui.ma\/wp-content\/uploads\/2019\/07\/Festibaz-244x300.jpg 244w\" sizes=\"auto, (max-width: 309px) 100vw, 309px\"\/><\/a><\/p>\n<p class=\"p1\"><span class=\"s2\"><strong>Qui sont donc vos sponsors ? Et comment avez-vous pu les convaincre apr\u00e8s une longue absence de l\u2019\u00e9v\u00e9nement ?<\/strong><\/span><\/p>\n<p class=\"p1\"><span class=\"s2\">A vrai dire, nous n\u2019en avons h\u00e9las pas beaucoup malgr\u00e9 nos efforts. Mais cette ann\u00e9e nous avons tent\u00e9 d\u2019atteindre le plus grand nombre d\u2019institutions publiques et priv\u00e9es ayant un rapport avec l\u2019objet du festival ou celles dont nous attendons \u00e9ventuellement l\u2019interaction positive. Pour l\u2019heure, nous avons garanti le soutien du minist\u00e8re de la culture et de la communication en tant que sponsor fixe depuis le d\u00e9but du festival et de la soci\u00e9t\u00e9 protectrice des animaux et de la nature. Nous avons \u00e9galement re\u00e7u des promesses confirm\u00e9es du minist\u00e8re de l\u2019agriculture, de la p\u00eache maritime, du d\u00e9veloppement rural et des eaux et for\u00eats, du minist\u00e8re du tourisme ainsi que deux conseils communaux. Nous parions \u00e9galement sur la compr\u00e9hension et le soutien du gouverneur de la province de Mekn\u00e8s non seulement pour le festival mais aussi pour le succ\u00e8s du projet de d\u00e9veloppement ambitieux port\u00e9 par ce festival tel que nous le voulons. Ce projet est en fait un plaidoyer pour valoriser les produits locaux d\u2019agriculture bio ou d\u2019artisanat menac\u00e9s de disparition ou encore promouvoir la culture. Le festival constituera en fait une locomotive pour ce projet et un \u00e9l\u00e9ment attrayant pour les centaines de festivaliers du Maroc et de l\u2019\u00e9tranger. Le tourisme est \u00e9galement concern\u00e9 puisque nous consoliderons l\u2019offre touristique r\u00e9gionale et nationale par un nouveau produit attractif.<\/span><\/p>\n<p class=\"p1\"><span class=\"s2\"><strong>Outre ce projet de d\u00e9veloppement, pourquoi se distinguera la 12\u00e8me \u00e9dition des autres ?<\/strong><\/span><\/p>\n<p class=\"p1\"><span class=\"s2\">Tout d\u2019abord, je pense que cette \u00e9dition sera organis\u00e9e dans de meilleures conditions par rapport \u00e0 la derni\u00e8re \u00e9dition en 2013. Outre le manque de financements, l\u2019inexistence d\u2019infrastructures d\u2019accueil \u00e0 la Kasbah Beni Ammar Zerhoun nous a oblig\u00e9s \u00e0 s\u2019abstenir de l\u2019organisation du festival depuis cette ann\u00e9e. Je me souviens que nous avons tenu la 8\u00e8me \u00e9dition \u00e0 Nzalat Bani Ammar \u00e0 6 km de la Kasbah ainsi que les 9\u00e8me, 10\u00e8me et 11\u00e8me \u00e9ditions \u00e0 Moulay Driss Zerhoun \u00e0 12 km du m\u00eame endroit. Malgr\u00e9 les succ\u00e8s r\u00e9alis\u00e9s et les probl\u00e8mes, nous \u00e9tions convaincus de suspendre le festival pour \u00e9valuer l\u2019exp\u00e9rience et la d\u00e9velopper. Maintenant, les routes menant \u00e0 la Kasbah ne sont plus d\u00e9labr\u00e9es apr\u00e8s une bonne r\u00e9paration et les espaces \u00e0 l\u2019instar du stade sont disponibles. Chose qui sera perceptible pour le visiteur. Cela nous a particuli\u00e8rement<span class=\"Apple-converted-space\">\u00a0<\/span> encourag\u00e9s \u00e0 reprendre le festival dans la Kasbah comme cela a \u00e9t\u00e9 le cas lors des 7 premi\u00e8res \u00e9ditions. Bien que cela soit un d\u00e9fi pour nous, nous serons oblig\u00e9s de louer des maisons pour assurer le s\u00e9jour des participants en leur offrant des repas en l\u2019absence de restaurants et maisons d\u2019h\u00f4tes parce que le festival vise \u00e0 cr\u00e9er une communication entre les habitants de la Kasbah et invit\u00e9s. Ce qui fait aussi la particularit\u00e9 de la 12\u00e8me \u00e9dition, c\u2019est son inscription en 2018 en tant que patrimoine national immat\u00e9riel par le minist\u00e8re de la culture et de la communication. Le festival a \u00e9galement rafl\u00e9 en 2014 le Horses of the World Special Award \u00e0 Gen\u00e8ve.<\/span><\/p>\n<p class=\"p1\"><span class=\"s2\"><strong>Et qu\u2019en est-il de la programmation ?<\/strong><\/span><\/p>\n<p class=\"p1\"><span class=\"s2\">Elle sera marqu\u00e9e, en ouverture, par la conf\u00e9rence inaugurale qui sera donn\u00e9e par le ministre de la culture et de la communication, Mohamed Laaraj, autour des plans de ce d\u00e9partement<\/span> pour la promotion de ces deux secteurs dans le milieu rural. De plus, la programmation porte un int\u00e9r\u00eat particulier \u00e0 l\u2019\u00e2ne en le c\u00e9l\u00e9brant en tant qu\u2019\u00eatre sous le signe \u00abC\u2019est un serviteur fid\u00e8le, rendez-lui justice\u00bb. A travers cet \u00eatre, nous v\u00e9hiculons un message de sensibilisation \u00e0 la n\u00e9cessit\u00e9 de le revaloriser en s\u2019affranchissant des st\u00e9r\u00e9otypes humiliants et injustes \u00e0 son \u00e9gard. Aussi, le penseur Hassan Aourid signera son roman \u00abR\u00e9cit d\u2019un \u00e2ne\u00bb lors du festival. Le festival rendra en outre hommage \u00e0 l\u2019artiste Omar Essayed, doyen du groupe Nass El Ghiwan, qui a un rapport humain avec l\u2019\u00e2ne. Mieux encore, cet \u00eatre sera appr\u00e9ci\u00e9 \u00e0 sa juste valeur lors du festival \u00e0 travers des lectures de po\u00e8mes dont les auteurs ont r\u00e9v\u00e9l\u00e9 les particularit\u00e9s en critiquant ces st\u00e9r\u00e9otypes. Et ce n\u2019est pas tout. Le festival sera rythm\u00e9 par les groupes Assiham, Jil Al Ghiwane Erraqraq, l\u2019association Bab Al Kasabah pour les arts et le patrimoine, les troupes Hmadcha et Aissaoua ainsi que des comp\u00e9titions et carnavals d\u2019\u00e2ne rythmeront cette manifestation.<\/p>\n<p class=\"p1\"><span class=\"s1\"><strong>Comment se positionnera Festibaz dans la cartographie des manifestations ?<\/strong><\/span><\/p>\n<p class=\"p1\"><span class=\"s1\">Nous sommes rassur\u00e9s du positionnement du festival malgr\u00e9 son absence pour plusieurs ann\u00e9es et le manque de moyens. Cette \u00e9dition sera en fait couverte par un grand nombre de m\u00e9dias nationaux et internationaux. Nous sommes assez g\u00ean\u00e9s puisque des dizaines d\u2019intellectuels et artistes veulent participer au festival. Chose que nous veillerons \u00e0 satisfaire lors des prochaines \u00e9ditions vu les moyens limit\u00e9s.<\/span><\/p>\n<p>Auteur: Salima Guisser<br \/>\n<a href=\"http:\/\/aujourdhui.ma\/culture\/mohamed-belmou-on-refuse-de-soutenir-festibaz-juste-parce-quil-celebre-lane\">Cliquez ici pour lire l&rsquo;article depuis sa source.<\/a><\/p>\n","protected":false},"excerpt":{"rendered":"<p>Entretien avec Mohamed Belmou, directeur du \u00abFestibaz\u00bb Le Festival des \u00e2nes (Festibaz), qui sera organis\u00e9, du 25 au 28 juillet par l\u2019association Iklaa pour le d\u00e9veloppement int\u00e9gr\u00e9 \u00e0 la Kasbah Beni Ammar Zerhoun, est de retour, pour une 12\u00e8me \u00e9dition apr\u00e8s une absence de longues ann\u00e9es. Son directeur et pr\u00e9sident de l\u2019association s\u2019exprime sur ce [&hellip;]<\/p>\n","protected":false},"author":1759,"featured_media":0,"comment_status":"closed","ping_status":"closed","sticky":false,"template":"","format":"standard","meta":{"fifu_image_url":"","fifu_image_alt":"","footnotes":""},"categories":[73,54],"tags":[],"class_list":["post-48056","post","type-post","status-publish","format-standard","hentry","category-actualite","category-maroc"],"_links":{"self":[{"href":"https:\/\/linitiative.ca\/International\/wp-json\/wp\/v2\/posts\/48056","targetHints":{"allow":["GET"]}}],"collection":[{"href":"https:\/\/linitiative.ca\/International\/wp-json\/wp\/v2\/posts"}],"about":[{"href":"https:\/\/linitiative.ca\/International\/wp-json\/wp\/v2\/types\/post"}],"author":[{"embeddable":true,"href":"https:\/\/linitiative.ca\/International\/wp-json\/wp\/v2\/users\/1759"}],"replies":[{"embeddable":true,"href":"https:\/\/linitiative.ca\/International\/wp-json\/wp\/v2\/comments?post=48056"}],"version-history":[{"count":0,"href":"https:\/\/linitiative.ca\/International\/wp-json\/wp\/v2\/posts\/48056\/revisions"}],"wp:attachment":[{"href":"https:\/\/linitiative.ca\/International\/wp-json\/wp\/v2\/media?parent=48056"}],"wp:term":[{"taxonomy":"category","embeddable":true,"href":"https:\/\/linitiative.ca\/International\/wp-json\/wp\/v2\/categories?post=48056"},{"taxonomy":"post_tag","embeddable":true,"href":"https:\/\/linitiative.ca\/International\/wp-json\/wp\/v2\/tags?post=48056"}],"curies":[{"name":"wp","href":"https:\/\/api.w.org\/{rel}","templated":true}]}}