{"id":48057,"date":"2019-07-24T10:00:44","date_gmt":"2019-07-24T14:00:44","guid":{"rendered":"https:\/\/linitiative.ca\/International\/une-invitation-a-decouvrir-les-secrets-de-lelegance-feminine-au-maroc\/"},"modified":"2019-07-24T10:00:44","modified_gmt":"2019-07-24T14:00:44","slug":"une-invitation-a-decouvrir-les-secrets-de-lelegance-feminine-au-maroc","status":"publish","type":"post","link":"https:\/\/linitiative.ca\/International\/une-invitation-a-decouvrir-les-secrets-de-lelegance-feminine-au-maroc\/","title":{"rendered":"Une invitation \u00e0 d\u00e9couvrir les secrets de l\u2019\u00e9l\u00e9gance f\u00e9minine au Maroc"},"content":{"rendered":"<p><img decoding=\"async\" class=\"post_layout_5_img\" src=\"http:\/\/aujourdhui.ma\/wp-content\/uploads\/2019\/07\/Dar-El-Bacha-de-Marrakech-1.jpg?x29840\" alt=\"Une invitation \u00e0 d\u00e9couvrir les secrets de l\u2019\u00e9l\u00e9gance f\u00e9minine au Maroc\"\/><\/p>\n<p class=\"p1\"><span class=\"s1 c4\"><strong>\u00ab\u00c9toffe des sens, R\u00e9sonances, Serge Lutens, Yves Saint Laurent\u00bb \u00e0 Dar El Bacha de Marrakech<\/strong><\/span> <span id=\"more-315738\"\/><\/p>\n<p class=\"p1\"><span class=\"s1\">A partir du 25 juillet, le Mus\u00e9e des confluences, Dar El Bacha, situ\u00e9 dans la ville ocre, accueille \u00ab\u00c9toffe des sens, R\u00e9sonances, Serge Lutens, Yves Saint Laurent\u00bb. C\u2019est une exposition temporaire qui met en lumi\u00e8re l\u2019impact de la ville de Marrakech, dans le travail de ces deux g\u00e9ants de la mode et de la beaut\u00e9. Dans ce sens, elle invite \u00e0 red\u00e9couvrir la richesse du costume traditionnel et les secrets de l\u2019\u00e9l\u00e9gance f\u00e9minine au Maroc \u00e0 travers le travail de ces deux artistes.<\/span><\/p>\n<p class=\"p1\"><span class=\"s1\"><em>\u00abElle pr\u00e9sentera une collection de caftans acquise par Yves Saint Laurent et Pierre Berg\u00e9 qui d\u00e9montre leur admiration pour ce v\u00eatement consid\u00e9r\u00e9 comme un rep\u00e8re de l\u2019identit\u00e9 culturelle du Royaume, en r\u00e9sonance la s\u00e9rie de photographies r\u00e9alis\u00e9e dans les ann\u00e9es 80 par Serge Lutens sur les gestes et les ingr\u00e9dients traditionnels de la beaut\u00e9 t\u00e9moigne d\u2019une recherche de nouvelles inspirations\u00bb,<\/em> explique \u00e0 ce sujet la Fondation nationale des mus\u00e9es.<\/span><\/p>\n<p><a href=\"http:\/\/aujourdhui.ma\/wp-content\/uploads\/2019\/07\/Dar-El-Bacha-de-Marrakech.jpg?x29840\"><img loading=\"lazy\" decoding=\"async\" class=\"size-full wp-image-315745 aligncenter\" src=\"http:\/\/aujourdhui.ma\/wp-content\/uploads\/2019\/07\/Dar-El-Bacha-de-Marrakech.jpg?x29840\" alt=\"\" width=\"478\" height=\"639\" srcset=\"http:\/\/aujourdhui.ma\/wp-content\/uploads\/2019\/07\/Dar-El-Bacha-de-Marrakech.jpg 478w, http:\/\/aujourdhui.ma\/wp-content\/uploads\/2019\/07\/Dar-El-Bacha-de-Marrakech-224x300.jpg 224w\" sizes=\"auto, (max-width: 478px) 100vw, 478px\"\/><\/a><\/p>\n<p class=\"p1\"><span class=\"s1\">Il faut dire que ces deux personnalit\u00e9s sont tomb\u00e9es sous le charme de Marrakech qui a nourri leurs imaginaires. <em>\u00abSerge Lutens est un metteur en sc\u00e8ne qui a d\u00e9barqu\u00e9 dans la ville ocre en 1968, deux ans apr\u00e8s le premier voyage d\u2019Yves Saint Laurent et de Pierre Berg\u00e9 au Maroc\u00bb,<\/em> souligne la fondation, en indiquant <em>que \u00abtous deux vou\u00e9s \u00e0 l\u2019univers f\u00e9minin, le Maroc ne cessera de les inspirer dans une qu\u00eate sans fin de la beaut\u00e9 exprim\u00e9e avec une audace revendiqu\u00e9e et assum\u00e9e\u00bb.<\/em><\/span><\/p>\n<p class=\"p1\"><span class=\"s1\">Avec son luxueux d\u00e9cor, ses belles fa\u00e7ades ouvrag\u00e9es, ses boiseries et plafonds en bois de c\u00e8dres, ses zelliges inspir\u00e9s de l\u2019architecture arabo-andalouse, le Palais Dar El Bacha-Mus\u00e9e des confluences s\u2019impose comme le parfait espace mus\u00e9al pour abriter une manifestation de ce type, \u00e0 mi-chemin entre l\u2019art, la mode et la photographie.<\/span><\/p>\n<div class=\"base-box mom_box_sc_custom mom_box_sc clear c6\" readability=\"15\">\n<p class=\"p1\"><span class=\"c5\"><strong>Dar El Bacha-Mus\u00e9e des Confluences\u00a065, 69 Riad Laarous, route Dar El Bacha \u2013 40000 Marrakech<\/strong><\/span><\/p>\n<p class=\"p1\"><span class=\"s1\"><strong>Ouvert du lundi au dimanche de 10h \u00e0 18h<\/strong><\/span><\/p>\n<p class=\"p1\"><span class=\"s1\">Acc\u00e8s gratuit tous les vendredis aux Marocains et aux r\u00e9sidents \u00e9trangers sur pr\u00e9sentation de carte de s\u00e9jour ou de r\u00e9sidence et tous les mercredis pour les \u00e9tudiants marocains sur<\/span> pr\u00e9sentation de leur carte d\u2019\u00e9tudiant.<\/p>\n<\/div>\n<p>Auteur: Siham Jadraoui<br \/>\n<a href=\"http:\/\/aujourdhui.ma\/culture\/une-invitation-a-decouvrir-les-secrets-de-lelegance-feminine-au-maroc\">Cliquez ici pour lire l&rsquo;article depuis sa source.<\/a><\/p>\n","protected":false},"excerpt":{"rendered":"<p>\u00ab\u00c9toffe des sens, R\u00e9sonances, Serge Lutens, Yves Saint Laurent\u00bb \u00e0 Dar El Bacha de Marrakech A partir du 25 juillet, le Mus\u00e9e des confluences, Dar El Bacha, situ\u00e9 dans la ville ocre, accueille \u00ab\u00c9toffe des sens, R\u00e9sonances, Serge Lutens, Yves Saint Laurent\u00bb. C\u2019est une exposition temporaire qui met en lumi\u00e8re l\u2019impact de la ville de [&hellip;]<\/p>\n","protected":false},"author":1759,"featured_media":0,"comment_status":"closed","ping_status":"closed","sticky":false,"template":"","format":"standard","meta":{"fifu_image_url":"","fifu_image_alt":"","footnotes":""},"categories":[73,54],"tags":[],"class_list":["post-48057","post","type-post","status-publish","format-standard","hentry","category-actualite","category-maroc"],"_links":{"self":[{"href":"https:\/\/linitiative.ca\/International\/wp-json\/wp\/v2\/posts\/48057","targetHints":{"allow":["GET"]}}],"collection":[{"href":"https:\/\/linitiative.ca\/International\/wp-json\/wp\/v2\/posts"}],"about":[{"href":"https:\/\/linitiative.ca\/International\/wp-json\/wp\/v2\/types\/post"}],"author":[{"embeddable":true,"href":"https:\/\/linitiative.ca\/International\/wp-json\/wp\/v2\/users\/1759"}],"replies":[{"embeddable":true,"href":"https:\/\/linitiative.ca\/International\/wp-json\/wp\/v2\/comments?post=48057"}],"version-history":[{"count":0,"href":"https:\/\/linitiative.ca\/International\/wp-json\/wp\/v2\/posts\/48057\/revisions"}],"wp:attachment":[{"href":"https:\/\/linitiative.ca\/International\/wp-json\/wp\/v2\/media?parent=48057"}],"wp:term":[{"taxonomy":"category","embeddable":true,"href":"https:\/\/linitiative.ca\/International\/wp-json\/wp\/v2\/categories?post=48057"},{"taxonomy":"post_tag","embeddable":true,"href":"https:\/\/linitiative.ca\/International\/wp-json\/wp\/v2\/tags?post=48057"}],"curies":[{"name":"wp","href":"https:\/\/api.w.org\/{rel}","templated":true}]}}