{"id":48058,"date":"2019-07-24T10:54:39","date_gmt":"2019-07-24T14:54:39","guid":{"rendered":"https:\/\/linitiative.ca\/International\/auto-nejma-renforce-sa-presence-et-devoile-la-5eme-generation-de-lactros\/"},"modified":"2019-07-24T10:54:39","modified_gmt":"2019-07-24T14:54:39","slug":"auto-nejma-renforce-sa-presence-et-devoile-la-5eme-generation-de-lactros","status":"publish","type":"post","link":"https:\/\/linitiative.ca\/International\/auto-nejma-renforce-sa-presence-et-devoile-la-5eme-generation-de-lactros\/","title":{"rendered":"Auto Nejma renforce sa pr\u00e9sence et d\u00e9voile la 5\u00e8me g\u00e9n\u00e9ration de l\u2019Actros"},"content":{"rendered":"<p><img decoding=\"async\" class=\"post_layout_5_img\" src=\"http:\/\/aujourdhui.ma\/wp-content\/uploads\/2019\/07\/Auto-Nejma.jpg?x29840\" alt=\"Auto Nejma renforce sa pr\u00e9sence et d\u00e9voile la 5\u00e8me g\u00e9n\u00e9ration de l\u2019Actros\"\/><\/p>\n<p class=\"p1\"><strong><span class=\"s1 c4\"><em>Enjeux du march\u00e9 de l\u2019utilitaire lourd et l\u00e9ger au Maroc<\/em><\/span><\/strong><span id=\"more-315731\"\/><\/p>\n<p class=\"p1\">Entre 2013 et 2018, Auto Nejma a doubl\u00e9 ses ventes de v\u00e9hicules Mercedes-Benz, tous types confondus, atteignant un volume de 4.208 unit\u00e9s. C\u2019est ce qu\u2019a d\u00e9voil\u00e9 Auto Nejma le jeudi 18 juillet 2019 lors d\u2019une rencontre pour pr\u00e9senter l\u2019\u00e9volution du march\u00e9 marocain des v\u00e9hicules utilitaires et ses nouveaux enjeux. En marge de cette rencontre, le management d\u2019Auto Nejma a d\u00e9voil\u00e9 en avant-premi\u00e8re le dernier bus urbain Conecto et le camion Actros 5. Ce camion du futur repr\u00e9sente la derni\u00e8re g\u00e9n\u00e9ration des camions du constructeur allemand. Ainsi, au niveau du segment du poids lourd (PL), la position de la marque a \u00e9t\u00e9 nettement am\u00e9lior\u00e9e passant \u00e0 la 4\u00e8me place, avec une part de march\u00e9 de 14% au premier semestre 2019.<\/p>\n<p class=\"p1\"><em>\u00abCette croissance est la preuve qu\u2019Auto Nejma ne cesse de consolider sa relation avec Mercedes-Benz. Nous avons renforc\u00e9 notre empreinte au niveau du camion et des v\u00e9hicules utilitaires\u00bb,<\/em> explique Adil Bennani, directeur g\u00e9n\u00e9ral d\u2019Auto Nejma. Dans ce sens, le segment des PL a r\u00e9alis\u00e9 chez Auto Nejma une des hausses les plus importantes depuis 2 ans, notamment avec l\u2019arriv\u00e9e du nouvel Actros et des solutions technologiques propos\u00e9es.<\/p>\n<p class=\"p1\">Pour Salim Attar, directeur de l\u2019activit\u00e9 poids lourd d\u2019Auto Nejma, le distributeur a d\u00e9pass\u00e9 de loin ses objectifs en renfor\u00e7ant sa position sur le march\u00e9. \u00ab<em>Notre nouvelle offre de v\u00e9hicules utilitaires a \u00e9t\u00e9 tr\u00e8s bien accueillie. Acter un camion c\u2019est un investissement, il ne r\u00e9pond pas uniquement \u00e0 l\u2019offre de prix mais tient compte de la relation client, du co\u00fbt d\u2019exploitation du camion et des solutions de confort et d\u2019efficacit\u00e9 que nous mettons \u00e0 disposition\u00bb<\/em>, indique-t-il . Sur le segment des v\u00e9hicules utilitaires l\u00e9gers, Mercedes-Benz se dit leader du segment VITO au premier semestre de 2019 avec une part de march\u00e9 de 40%.<\/p>\n<p class=\"p1\">Elle est class\u00e9e dans le top 3 du Segment Sprinter avec une part de march\u00e9 de 23%. Assif Jirari, directeur de l\u2019activit\u00e9 VUL, Bus et Autocars, estime pour sa part que <em>\u00able march\u00e9 est prometteur et nous avons d\u00e9j\u00e0 un carnet de commandes bien garni, notamment avec la vente de 102 bus qui commence bient\u00f4t \u00e0 Rabat\u00bb<\/em>. Afin de renforcer le service \u00e0 ses clients et les fid\u00e9liser, Auto Nejma a r\u00e9cemment d\u00e9ploy\u00e9 une entit\u00e9 compl\u00e8te au SAV de v\u00e9hicules utilitaires r\u00e9pondant \u00e0 des imp\u00e9ratifs sp\u00e9cifiques \u00e0 la client\u00e8le professionnelle : ateliers mobiles, contrats d\u2019entretien au kilom\u00e8tre, et ouverture en dehors des locaux standards.<\/p>\n<p><a href=\"http:\/\/aujourdhui.ma\/wp-content\/uploads\/2019\/07\/Auto-Nejma-1.jpg?x29840\"><img loading=\"lazy\" decoding=\"async\" class=\"size-full wp-image-315717 aligncenter\" src=\"http:\/\/aujourdhui.ma\/wp-content\/uploads\/2019\/07\/Auto-Nejma-1.jpg?x29840\" alt=\"\" width=\"678\" height=\"766\" srcset=\"http:\/\/aujourdhui.ma\/wp-content\/uploads\/2019\/07\/Auto-Nejma-1.jpg 678w, http:\/\/aujourdhui.ma\/wp-content\/uploads\/2019\/07\/Auto-Nejma-1-266x300.jpg 266w\" sizes=\"auto, (max-width: 678px) 100vw, 678px\"\/><\/a><\/p>\n<p>Auteur: ALM<br \/>\n<a href=\"http:\/\/aujourdhui.ma\/automobile\/auto-nejma-renforce-sa-presence-et-devoile-la-5eme-generation-de-lactros\">Cliquez ici pour lire l&rsquo;article depuis sa source.<\/a><\/p>\n","protected":false},"excerpt":{"rendered":"<p>Enjeux du march\u00e9 de l\u2019utilitaire lourd et l\u00e9ger au Maroc Entre 2013 et 2018, Auto Nejma a doubl\u00e9 ses ventes de v\u00e9hicules Mercedes-Benz, tous types confondus, atteignant un volume de 4.208 unit\u00e9s. C\u2019est ce qu\u2019a d\u00e9voil\u00e9 Auto Nejma le jeudi 18 juillet 2019 lors d\u2019une rencontre pour pr\u00e9senter l\u2019\u00e9volution du march\u00e9 marocain des v\u00e9hicules utilitaires [&hellip;]<\/p>\n","protected":false},"author":1759,"featured_media":0,"comment_status":"closed","ping_status":"closed","sticky":false,"template":"","format":"standard","meta":{"fifu_image_url":"","fifu_image_alt":"","footnotes":""},"categories":[73,54],"tags":[],"class_list":["post-48058","post","type-post","status-publish","format-standard","hentry","category-actualite","category-maroc"],"_links":{"self":[{"href":"https:\/\/linitiative.ca\/International\/wp-json\/wp\/v2\/posts\/48058","targetHints":{"allow":["GET"]}}],"collection":[{"href":"https:\/\/linitiative.ca\/International\/wp-json\/wp\/v2\/posts"}],"about":[{"href":"https:\/\/linitiative.ca\/International\/wp-json\/wp\/v2\/types\/post"}],"author":[{"embeddable":true,"href":"https:\/\/linitiative.ca\/International\/wp-json\/wp\/v2\/users\/1759"}],"replies":[{"embeddable":true,"href":"https:\/\/linitiative.ca\/International\/wp-json\/wp\/v2\/comments?post=48058"}],"version-history":[{"count":0,"href":"https:\/\/linitiative.ca\/International\/wp-json\/wp\/v2\/posts\/48058\/revisions"}],"wp:attachment":[{"href":"https:\/\/linitiative.ca\/International\/wp-json\/wp\/v2\/media?parent=48058"}],"wp:term":[{"taxonomy":"category","embeddable":true,"href":"https:\/\/linitiative.ca\/International\/wp-json\/wp\/v2\/categories?post=48058"},{"taxonomy":"post_tag","embeddable":true,"href":"https:\/\/linitiative.ca\/International\/wp-json\/wp\/v2\/tags?post=48058"}],"curies":[{"name":"wp","href":"https:\/\/api.w.org\/{rel}","templated":true}]}}