{"id":48059,"date":"2019-07-24T11:45:44","date_gmt":"2019-07-24T15:45:44","guid":{"rendered":"https:\/\/linitiative.ca\/International\/le-bureau-politique-du-pps-felicite-fatima-chaabi-et-mahtat-rekkas\/"},"modified":"2019-07-24T11:45:44","modified_gmt":"2019-07-24T15:45:44","slug":"le-bureau-politique-du-pps-felicite-fatima-chaabi-et-mahtat-rekkas","status":"publish","type":"post","link":"https:\/\/linitiative.ca\/International\/le-bureau-politique-du-pps-felicite-fatima-chaabi-et-mahtat-rekkas\/","title":{"rendered":"Le Bureau politique du PPS f\u00e9licite Fatima Chaabi et Mahtat Rekkas"},"content":{"rendered":"<p class=\"c4\"><strong><span class=\"c3\">C<span class=\"c2\">omme annonc\u00e9 dans notre pr\u00e9c\u00e9dente \u00e9dition, le Conseil national des droits de l\u2019Homme (CNDH) a publi\u00e9, vendredi dernier, la nouvelle liste de ses membres.<\/span><\/span><\/strong><\/p>\n<p class=\"c4\">A ce titre, il faudra signaler que deux membres du Parti du progr\u00e8s et du socialisme figure parmi les membres nomm\u00e9s par Sa Majeste le Roi, sur proposition du Chef de gouvernement nos camarades, Fatima Cha\u00e2bi et Mahtat Rekkas.<\/p>\n<p class=\"c4\">Fatima Cha\u00e2bi est professeur universitaire, membre du Comit\u00e9 central \u00a0du Parti du progr\u00e8s et du socialisme et ancien membre du Bureau politique. Mahtat Rekas, lui, \u00e9galement membre du Comit\u00e9 central du PPS, est Pr\u00e9sident du Directoire de Bayane S.A entreprise de presse \u00e9ditrice des quotidiens Al Bayane et Bayane Alyoume, Directeur de publication des deux journaux, et Directeur de publication du site \u00e9lectronique (nafas.ma)\u00a0 et membre \u00e9lu du Conseil national de la presse (CNP).<\/p>\n<p class=\"c4\">\u00c0 cette occasion, le Bureau politique du PPS adresse ses sinc\u00e8res f\u00e9licitations aux camarades Fatima Cha\u00e2bi et Mahtat Rekas, en leur souhaitant plein succ\u00e8s dans leurs missions, tout en leur exprimant sa confiance totale quant \u00e0 leur capacit\u00e9 \u00e0 s\u2019acquitter pleinement de leurs devoirs \u00a0pour servir la cause des droits de l\u2019homme dans notre pays et qui constitue une dimension fondamentale du projet soci\u00e9tal pour lequel le PPS milite.<\/p>\n<p>Auteur: M&rsquo;hammed rahal<br \/>\n<a href=\"http:\/\/albayane.press.ma\/le-bureau-politique-du-pps-felicite-fatima-chaabi-et-mahtat-rekkas.html\">Cliquez ici pour lire l&rsquo;article depuis sa source.<\/a><\/p>\n","protected":false},"excerpt":{"rendered":"<p>Comme annonc\u00e9 dans notre pr\u00e9c\u00e9dente \u00e9dition, le Conseil national des droits de l\u2019Homme (CNDH) a publi\u00e9, vendredi dernier, la nouvelle liste de ses membres. A ce titre, il faudra signaler que deux membres du Parti du progr\u00e8s et du socialisme figure parmi les membres nomm\u00e9s par Sa Majeste le Roi, sur proposition du Chef de [&hellip;]<\/p>\n","protected":false},"author":1760,"featured_media":0,"comment_status":"closed","ping_status":"closed","sticky":false,"template":"","format":"standard","meta":{"fifu_image_url":"","fifu_image_alt":"","footnotes":""},"categories":[73,54],"tags":[],"class_list":["post-48059","post","type-post","status-publish","format-standard","hentry","category-actualite","category-maroc"],"_links":{"self":[{"href":"https:\/\/linitiative.ca\/International\/wp-json\/wp\/v2\/posts\/48059","targetHints":{"allow":["GET"]}}],"collection":[{"href":"https:\/\/linitiative.ca\/International\/wp-json\/wp\/v2\/posts"}],"about":[{"href":"https:\/\/linitiative.ca\/International\/wp-json\/wp\/v2\/types\/post"}],"author":[{"embeddable":true,"href":"https:\/\/linitiative.ca\/International\/wp-json\/wp\/v2\/users\/1760"}],"replies":[{"embeddable":true,"href":"https:\/\/linitiative.ca\/International\/wp-json\/wp\/v2\/comments?post=48059"}],"version-history":[{"count":0,"href":"https:\/\/linitiative.ca\/International\/wp-json\/wp\/v2\/posts\/48059\/revisions"}],"wp:attachment":[{"href":"https:\/\/linitiative.ca\/International\/wp-json\/wp\/v2\/media?parent=48059"}],"wp:term":[{"taxonomy":"category","embeddable":true,"href":"https:\/\/linitiative.ca\/International\/wp-json\/wp\/v2\/categories?post=48059"},{"taxonomy":"post_tag","embeddable":true,"href":"https:\/\/linitiative.ca\/International\/wp-json\/wp\/v2\/tags?post=48059"}],"curies":[{"name":"wp","href":"https:\/\/api.w.org\/{rel}","templated":true}]}}