{"id":48060,"date":"2019-07-24T11:46:34","date_gmt":"2019-07-24T15:46:34","guid":{"rendered":"https:\/\/linitiative.ca\/International\/ouarzazate-les-elus-du-pps-se-tonifient-les-connaissances\/"},"modified":"2019-07-24T11:46:34","modified_gmt":"2019-07-24T15:46:34","slug":"ouarzazate-les-elus-du-pps-se-tonifient-les-connaissances","status":"publish","type":"post","link":"https:\/\/linitiative.ca\/International\/ouarzazate-les-elus-du-pps-se-tonifient-les-connaissances\/","title":{"rendered":"Ouarzazate: Les \u00e9lus du PPS se tonifient les connaissances"},"content":{"rendered":"<p class=\"c4\"><span class=\"c3\"><strong><span class=\"c2\"><img loading=\"lazy\" decoding=\"async\" class=\" wp-image-80229 alignleft\" src=\"http:\/\/albayane.press.ma\/wp-content\/uploads\/ouarzazate-2-230x130.jpg\" alt=\"\" width=\"226\" height=\"128\"\/>D<\/span>ans le cadre du programme de formation continu en direction des \u00e9lu(e), \u00e0 travers les r\u00e9gions du territoire national, l\u2019association d\u00e9mocratique des \u00e9lus progressistes (ADEP) poursuit cette s\u00e9rie formative, en parfaite collaboration avec les sections provinciales du PPS.<\/strong><\/span><\/p>\n<p class=\"c4\">Samedi dernier, une d\u00e9l\u00e9gation de l\u2019ADEP, conduite par Karim Tej, pr\u00e9sident et membre du bureau politique du parti s\u2019est rendue aux confins du sud-est marocain, plus pr\u00e9cis\u00e9ment \u00e0 Ouarzazate o\u00f9 la section de la province tient cette session de formation. Une soixantaine de conseillers communaux dont des pr\u00e9sidents, venus de nombre de recoins de la zone et des provinces voisines, telle Tinghir et Zagora, \u00e9tait de la partie.<br \/>Apr\u00e8s s\u2019\u00eatre f\u00e9licit\u00e9 de la pr\u00e9sence notoire de tous les \u00e9lus pr\u00e9sents, le secr\u00e9taire provincial, Mohamed Bengiri a pass\u00e9 la parole \u00e0 Karim Tej, membre du BP et pr\u00e9sident de l\u2019ADEP pour mettre en exergue le r\u00f4le dont se charge l\u2019association par rapport au rel\u00e8vement et \u00e0 l\u2019accompagnement de la mission des \u00e9lus a accomplir leur t\u00e2ches dans les conditions optimales. L\u2019intervenant n\u2019a pas manqu\u00e9 non plus de mettre l\u2019accent sur les contraintes que rencontrent les conseillers pendant leur travail, en termes de proc\u00e9dures et de lois en vigueur, tout en exhortant l\u2019assistance de se mettre \u00e0 l\u2019action pour mieux se pr\u00e9parer aux prochaines \u00e9ch\u00e9ances qui s\u2019annoncent de plus en plus ardues.<\/p>\n<p class=\"c4\">Pour sa part Mohamed A\u00eft Lyazid, pr\u00e9sident de la municipalit\u00e9 de Taznakht, s\u2019est \u00e9tendu sur les acquis de son exp\u00e9rience, \u00e0 la t\u00eate de cette commune territoriale, tout en r\u00e9v\u00e9lant \u00e9galement les emb\u00fbches qui surgissent sur son parcours. Il passa en revue les exigences dont le conseil se devra s\u2019acquitter pour \u00eatre au diapason des attentes des populations de la commune, en manque de moyens les plus \u00e9l\u00e9mentaires.<\/p>\n<p class=\"c4\">Ce pertinent expos\u00e9 empreint de franchise et d\u2019objectivit\u00e9 \u00e0 fort servi de le\u00e7on pour les conseillers, du fait du cumul impressionnant de l\u2019orateur, en mati\u00e8re d\u2019expertise communale et de savoir faire du domaine qui n\u00e9cessite aussi beaucoup de patience et de tact vis-\u00e0-vis des citoyens.<\/p>\n<p class=\"c4\"><img loading=\"lazy\" decoding=\"async\" class=\" wp-image-80231 alignleft\" src=\"http:\/\/albayane.press.ma\/wp-content\/uploads\/Ouarzazate-1-1-230x130.jpg\" alt=\"\" width=\"219\" height=\"124\"\/>Pour sa part, Mohamed Kacha, pr\u00e9sident de la municipalit\u00e9 de Boumalne Dades et r\u00e9cent pr\u00e9sident de la coordination provinciale de Tinghir de l\u2019ADEP, a rapport\u00e9 son bilan fort \u00e9loquent, \u00e0 la t\u00eate de la commune dont il est \u00e0 charge. D\u2019autre part, il s\u2019attelle \u00e0 la mise en avant du r\u00f4le d\u00e9cisif des communes territoriales dans le d\u00e9veloppement local, \u00e0 travers des d\u00e9marches et des mesures, en \u00e9troit respect de la charte communal.<\/p>\n<p class=\"c4\">Cette t\u00e2che, encha\u00eene-t-il, n\u2019est pas du tout ais\u00e9, puisqu\u2019elle s\u2019adresse tout d\u2019abord \u00e0 combler les besoins et les aspirations des \u00a0citoyens et \u00e0 s\u2019occuper de l\u2019am\u00e9nagement et la refonte de la commune, au niveau des acc\u00e8s, de l\u2019eau potable, de l\u2019\u00e9clairage, de l\u2019espace vert, des aires de repos, des souks\u2026<\/p>\n<p class=\"c4\">Apr\u00e8s quoi, Mamoune Zakrouj, ing\u00e9nieur urbaniste a donn\u00e9 un pertinent expos\u00e9 sur son exp\u00e9rience en tant que sp\u00e9cialiste de l\u2019usage des techniques des mati\u00e8res locales et a rendu un fervent hommage aux efforts consentis par le SG Nabil Benabdallah au niveau de son attachement \u00e0 d\u00e9cr\u00e9ter des lois dans ce sens. Dans le m\u00eame ordre d\u2019id\u00e9es, Fatima Zohra Barassate, membre du bureau politique du parti s\u2019est pench\u00e9e sur le r\u00f4le du parlement dans ce sens et la mani\u00e8re dont les commissions fonctionnelle traitent les th\u00e9matiques ayant trait aux travaux des conseillers communaux, ainsi que la participation politique des femmes.<\/p>\n<p class=\"c4\">Enfin, Omar Bahmane, pr\u00e9sident de la commune urbaine de Lakhssas et coordinateur r\u00e9gional de l\u2019ADEP a \u00e9galement pr\u00e9sent\u00e9 sa brillante exp\u00e9rience \u00e0 la t\u00eate de cette commune qui, avec des moyens tr\u00e8s limit\u00e9, il a pu accumul\u00e9 des acquis importants \u00e0 la commune, gr\u00e2ce \u00e0 sa pers\u00e9v\u00e9rance et surtout sa connaissance profonde des rouages de l\u2019administration aussi bien au niveau central que local.<\/p>\n<p class=\"c4\">Au terme de ces communications qui ont \u00e9t\u00e9 suivies par un d\u00e9bat exhaustif mettant en valeur la justesse et l\u2019efficience de l\u2019approche pr\u00f4n\u00e9e par le parti relative \u00e0 la politique de proximit\u00e9 ou encore d\u2019enracinement, l\u2019assistance \u00e0 proc\u00e9d\u00e9 \u00e0 l\u2019\u00e9lection du camarade Mohamed A\u00eft Lyazid, en tant que coordinateur provincial d\u2019Ouarzazate de l\u2019association d\u00e9mocratique des \u00e9lus progressistes. D\u2019autre part, il a \u00e9t\u00e9 constitu\u00e9e la coordination du secteur de la sant\u00e9 du parti dans la m\u00eame province, avec \u00e0 sa t\u00eate Dr Jamal Oumlal.<\/p>\n<p class=\"c5\"><strong>Saoudi El Amalki<\/strong><\/p>\n<p>Auteur: M&rsquo;hammed rahal<br \/>\n<a href=\"http:\/\/albayane.press.ma\/ouarzazate-les-elus-du-pps-se-tonifient-les-connaissances.html\">Cliquez ici pour lire l&rsquo;article depuis sa source.<\/a><\/p>\n","protected":false},"excerpt":{"rendered":"<p>Dans le cadre du programme de formation continu en direction des \u00e9lu(e), \u00e0 travers les r\u00e9gions du territoire national, l\u2019association d\u00e9mocratique des \u00e9lus progressistes (ADEP) poursuit cette s\u00e9rie formative, en parfaite collaboration avec les sections provinciales du PPS. Samedi dernier, une d\u00e9l\u00e9gation de l\u2019ADEP, conduite par Karim Tej, pr\u00e9sident et membre du bureau politique du [&hellip;]<\/p>\n","protected":false},"author":1760,"featured_media":48061,"comment_status":"closed","ping_status":"closed","sticky":false,"template":"","format":"standard","meta":{"fifu_image_url":"","fifu_image_alt":"","footnotes":""},"categories":[73,54],"tags":[],"class_list":["post-48060","post","type-post","status-publish","format-standard","has-post-thumbnail","hentry","category-actualite","category-maroc"],"_links":{"self":[{"href":"https:\/\/linitiative.ca\/International\/wp-json\/wp\/v2\/posts\/48060","targetHints":{"allow":["GET"]}}],"collection":[{"href":"https:\/\/linitiative.ca\/International\/wp-json\/wp\/v2\/posts"}],"about":[{"href":"https:\/\/linitiative.ca\/International\/wp-json\/wp\/v2\/types\/post"}],"author":[{"embeddable":true,"href":"https:\/\/linitiative.ca\/International\/wp-json\/wp\/v2\/users\/1760"}],"replies":[{"embeddable":true,"href":"https:\/\/linitiative.ca\/International\/wp-json\/wp\/v2\/comments?post=48060"}],"version-history":[{"count":0,"href":"https:\/\/linitiative.ca\/International\/wp-json\/wp\/v2\/posts\/48060\/revisions"}],"wp:featuredmedia":[{"embeddable":true,"href":"https:\/\/linitiative.ca\/International\/wp-json\/"}],"wp:attachment":[{"href":"https:\/\/linitiative.ca\/International\/wp-json\/wp\/v2\/media?parent=48060"}],"wp:term":[{"taxonomy":"category","embeddable":true,"href":"https:\/\/linitiative.ca\/International\/wp-json\/wp\/v2\/categories?post=48060"},{"taxonomy":"post_tag","embeddable":true,"href":"https:\/\/linitiative.ca\/International\/wp-json\/wp\/v2\/tags?post=48060"}],"curies":[{"name":"wp","href":"https:\/\/api.w.org\/{rel}","templated":true}]}}