{"id":48062,"date":"2019-07-24T11:47:26","date_gmt":"2019-07-24T15:47:26","guid":{"rendered":"https:\/\/linitiative.ca\/International\/vingt-ans-de-regne\/"},"modified":"2019-07-24T11:47:26","modified_gmt":"2019-07-24T15:47:26","slug":"vingt-ans-de-regne","status":"publish","type":"post","link":"https:\/\/linitiative.ca\/International\/vingt-ans-de-regne\/","title":{"rendered":"Vingt ans de r\u00e8gne !"},"content":{"rendered":"<p class=\"c4\"><span class=\"c3\"><strong><span class=\"c2\">S<\/span>ans doute, le r\u00e8gne du monarque de deux d\u00e9cennies, jour pour jour, aura-t-il, marqu\u00e9, de bout en bout,le parcours ascendant de notre pays. Au lendemain de l\u2019installation de l\u2019Alternance, la monarchie se sera attel\u00e9e, en symbiose avec les forces vives de la nation, \u00e0\u00a0 poursuivre l\u2019\u00e9dification du projet soci\u00e9tal en construction constante.<\/strong><\/span><\/p>\n<p class=\"c4\">Pour ce faire, les emb\u00fbches de r\u00e9conciliation ont \u00e9t\u00e9 aplanies en amont, les terrains d\u2019entente d\u00e9blay\u00e9s et les chemins de marche balis\u00e9s \u00e0 outrance. D\u00e8s lors, les g\u00e9n\u00e9rations des r\u00e9formes se d\u00e9roulent sur le tapis rouge de l\u2019antichambre de la d\u00e9mocratie et du progr\u00e8s tous azimuts. Une nouvelle page est donc tourn\u00e9e pour un Maroc red\u00e9ploy\u00e9, en qu\u00eate de l\u2019essor de tout un peuple meurtri par les ratages de nagu\u00e8re.<\/p>\n<p class=\"c4\">Il n\u2019y a pas de doute, le bilan de ces vingt ans de refonte, prosp\u00e8re en gen\u00e8se multiforme, \u00e0 plus d\u2019un registre\u00a0: L\u2019Etat de droit prend forme au fil du temps et le combat de longue haleine argue, \u00e0 grandes enjamb\u00e9es vers les grandes envol\u00e9es. Le d\u00e9ferlement des hauts chantiers ne tarde pas \u00e0 sillonner les multiples r\u00e9gions, \u00e0 des cadences soutenues. Tanger med qui cr\u00e8ve l\u2019\u00e9cran par la s\u00e9rie de prouesses, est en passe de supplanter les plus hupp\u00e9s des p\u00f4les portuaires de la plan\u00e8te. La performance de l\u2019\u00e9nergie renouvelable Nour, aux confins du sud-est du territoire national, met le vent en poupe d\u2019une approche propre savamment implant\u00e9e. Des m\u00e9tropoles richement dot\u00e9es en investissement public \u00e9mergent au galop, dans le sillage de la m\u00e9tamorphose citadine\u2026<\/p>\n<p class=\"c4\">Vingt ans au service de la patrie, sans r\u00e9pit ni rel\u00e2che\u00a0! Les avanc\u00e9es certaines de la cause nationale, aux yeux de la communaut\u00e9 universelle, par le biais de la justesse du plan d\u2019autonomie, mais aussi de l\u2019intransigeance du royaume \u00e0 son \u00e9gard. Les retrouvailles en apoth\u00e9ose, se met en marche, au c\u0153ur de l\u2019enceinte de l\u2019Afrique, \u00e0 la recherche de fers de lance d\u2019exception, tel que le leadership marocain, pour une forte et loyale africanit\u00e9 gagnant-gagnant\u2026Vingt ans pour se faire sien \u00a0le pari de l\u2019exigence\u00a0 ext\u00e9rieure, avec doigt\u00e9 et sagesse, mais \u00e9galement et surtout du front int\u00e9rieur,en rehaussant le degr\u00e9 de la justice sociale et att\u00e9nuant l\u2019effet de la disparit\u00e9 spatiale\u00a0! Le nouveau concept r\u00e9gional impulse de plus belle, cet \u00e9lan volontariste, \u00e0 travers un large d\u00e9coupage en transversalit\u00e9 agissante\u2026<\/p>\n<p class=\"c4\">Vingt ans d\u2019exercice clairvoyant pour un pays qui concilie \u00e0 merveille l\u2019accroissement ardue avec la stabilit\u00e9 assidue. Des moments de triomphe sur ce qui conduit au d\u00e9nouement, et de tension sur ce qui peine dans la gestion habile des paradoxes. Toutefois, l\u2019ing\u00e9niosit\u00e9 \u00a0marocaine \u00e0 surpasser les d\u00e9dales cruciales du vivre-ensemble n\u2019a jamais trahi ni fl\u00e9chi, en cours de route\u2026Vingt ans de r\u00e8gne, ce n\u2019est pas \u00e9norme dans la vie d\u2019une nation!<\/p>\n<p class=\"c4\">Mais, ce qui s\u2019est d\u00e9j\u00e0 tent\u00e9 en mati\u00e8re de mise en train des leviers de d\u00e9veloppement et des traditions de gouvernance, t\u00e9moigne, \u00e0 coup s\u00fbr, d\u2019une d\u00e9termination sans faille, pour un Maroc r\u00e9solument tourn\u00e9 vers le progr\u00e8s, la libert\u00e9 et la dignit\u00e9\u2026<\/p>\n<p>Auteur: M&rsquo;hammed rahal<br \/>\n<a href=\"http:\/\/albayane.press.ma\/vingt-ans-de-regne.html\">Cliquez ici pour lire l&rsquo;article depuis sa source.<\/a><\/p>\n","protected":false},"excerpt":{"rendered":"<p>Sans doute, le r\u00e8gne du monarque de deux d\u00e9cennies, jour pour jour, aura-t-il, marqu\u00e9, de bout en bout,le parcours ascendant de notre pays. Au lendemain de l\u2019installation de l\u2019Alternance, la monarchie se sera attel\u00e9e, en symbiose avec les forces vives de la nation, \u00e0\u00a0 poursuivre l\u2019\u00e9dification du projet soci\u00e9tal en construction constante. Pour ce faire, [&hellip;]<\/p>\n","protected":false},"author":1760,"featured_media":0,"comment_status":"closed","ping_status":"closed","sticky":false,"template":"","format":"standard","meta":{"fifu_image_url":"","fifu_image_alt":"","footnotes":""},"categories":[73,54],"tags":[],"class_list":["post-48062","post","type-post","status-publish","format-standard","hentry","category-actualite","category-maroc"],"_links":{"self":[{"href":"https:\/\/linitiative.ca\/International\/wp-json\/wp\/v2\/posts\/48062","targetHints":{"allow":["GET"]}}],"collection":[{"href":"https:\/\/linitiative.ca\/International\/wp-json\/wp\/v2\/posts"}],"about":[{"href":"https:\/\/linitiative.ca\/International\/wp-json\/wp\/v2\/types\/post"}],"author":[{"embeddable":true,"href":"https:\/\/linitiative.ca\/International\/wp-json\/wp\/v2\/users\/1760"}],"replies":[{"embeddable":true,"href":"https:\/\/linitiative.ca\/International\/wp-json\/wp\/v2\/comments?post=48062"}],"version-history":[{"count":0,"href":"https:\/\/linitiative.ca\/International\/wp-json\/wp\/v2\/posts\/48062\/revisions"}],"wp:attachment":[{"href":"https:\/\/linitiative.ca\/International\/wp-json\/wp\/v2\/media?parent=48062"}],"wp:term":[{"taxonomy":"category","embeddable":true,"href":"https:\/\/linitiative.ca\/International\/wp-json\/wp\/v2\/categories?post=48062"},{"taxonomy":"post_tag","embeddable":true,"href":"https:\/\/linitiative.ca\/International\/wp-json\/wp\/v2\/tags?post=48062"}],"curies":[{"name":"wp","href":"https:\/\/api.w.org\/{rel}","templated":true}]}}