{"id":48063,"date":"2019-07-24T11:48:18","date_gmt":"2019-07-24T15:48:18","guid":{"rendered":"https:\/\/linitiative.ca\/International\/taounate-benabdallah-appelle-une-repartition-spatiale-equitable-de-la-richesse\/"},"modified":"2019-07-24T11:48:18","modified_gmt":"2019-07-24T15:48:18","slug":"taounate-benabdallah-appelle-une-repartition-spatiale-equitable-de-la-richesse","status":"publish","type":"post","link":"https:\/\/linitiative.ca\/International\/taounate-benabdallah-appelle-une-repartition-spatiale-equitable-de-la-richesse\/","title":{"rendered":"Taounate: Benabdallah appelle une r\u00e9partition spatiale \u00e9quitable de la richesse"},"content":{"rendered":"<p class=\"c4\"><span class=\"c3\"><strong><span class=\"c2\">S<\/span>uite \u00e0 une d\u00e9cision du Bureau politique, la r\u00e9gion de Ghafsai du Parti du progr\u00e8s et du socialisme, le Secr\u00e9tariat provincial du Parti et l\u2019Association d\u00e9mocratique des \u00e9lus progressistes (ADEP) ont organis\u00e9, samedi dernier, le \u00abForum de l\u2019\u00e9lu progressiste\u00bb.<\/strong><\/span><\/p>\n<p class=\"c4\">A cette occasion, le Secr\u00e9taire g\u00e9n\u00e9ral du PPS, qui conduisait une forte d\u00e9l\u00e9gation de la direction du Parti, a fait une importante d\u00e9claration dans laquelle il a insist\u00e9 sur \u00ables insuffisances que de nombreuses r\u00e9gions du pays connaissent, en mati\u00e8re de d\u00e9veloppement et de services, tout particuli\u00e8rement dans les secteurs vitaux\u00bb.<\/p>\n<p class=\"c4\">Mohamed Nabil Benabdallah a rappel\u00e9 les divers discours royaux dans lesquels SM le Roi \u00e9tait pr\u00e9curseur pour mettre la main sur ces insuffisances, et parer par \u00abun nouveau mod\u00e8le de d\u00e9veloppement \u00e9conomique en mesure d\u2019assurer une r\u00e9partition du d\u00e9veloppement de mani\u00e8re \u00e9quitable\u00bb.<\/p>\n<p class=\"c4\">Il a affirm\u00e9 que l\u2019appel royal intervient en r\u00e9ponse \u00ab\u00e0 ces insuffisances et au sentiment de privation palpable dans de nombreuses r\u00e9gions et de manque de r\u00e9partition juste et \u00e9quitable des richesses du pays dont les populations populaires, marginalis\u00e9es et d\u00e9munies, n\u2019en profitent point\u00bb.<\/p>\n<p class=\"c4\">Le SG du PPS a profit\u00e9 de l\u2019occasion pour rappeler, \u00e9galement, les r\u00e9alisations concr\u00e9tis\u00e9es durant ces 20 ann\u00e9es de r\u00e8gne, dans de nombreux domaines et et secteurs, tant sur le plan politique, social ou encore au niveau des droits de l\u2019homme ou des grands chantiers de l\u2019infrastructure (a\u00e9roports, ports, \u00e9quipements\u2026). Et d\u2019estimer que ces nets progr\u00e8s constituent \u00abun saut qualitatif pour le Maroc\u00bb.<\/p>\n<p class=\"c4\">Le leader du PPS a aussi insist\u00e9 sur la n\u00e9cessit\u00e9 d\u2019ouvrer\u00a0 au d\u00e9veloppement de nombreuses r\u00e9gions, et r\u00e9aliser le d\u00e9veloppement global devant englober les diff\u00e9rentes cat\u00e9gories et classes sociales ainsi que l\u2019ensemble des r\u00e9gions du pays.<\/p>\n<p class=\"c4\">Pour cette fin, il a appel\u00e9 la population de Taounate \u00e0 tirer les conclusions des exp\u00e9riences v\u00e9cues et \u00e0 \u00abdonner confiance \u00e0 ceux qui la m\u00e9ritent\u00bb, dans la lutte contre les d\u00e9pravateurs, par une attitude citoyenne et par le vote d\u00e9mocratique qui exprime le verdict des urnes. Il a aussi rappel\u00e9, par cette occasion,\u00a0 la responsabilit\u00e9 d\u2019aucuns \u00e9lus locaux, dont un certain nombre de personnes, encore aux postes de commande dans la r\u00e9gion, qui ont contribu\u00e9 \u00e0 la marginalisation de la province et se sont suffis \u00e0 s\u2019auto-d\u00e9velopper, \u00e0 se servir, \u00e0 servir leurs familles et leurs int\u00e9r\u00eats propres. C\u2019est ce qui a transform\u00e9 Taounate en une ville \u00abmarginalis\u00e9e et exclue\u00bb du d\u00e9veloppement.<\/p>\n<p class=\"c4\">Dans ce cadre, Nabil Benabdallah a incit\u00e9 les militantes et les militants du PPS, ainsi que l\u2019ensemble de la population de Taounate, \u00e0 faire face \u00e0 ces responsables de tous les retards accumul\u00e9s, afin de relever les defis de la d\u00e9mocratie et du d\u00e9veloppement global.<\/p>\n<p class=\"c4\">Il a aussi soulign\u00e9 que le PPS \u00abest engag\u00e9, par ses militantes et militants\u00bb, dans ce sens, partant de sa position et de ses objectifs qui, in fine, \u00aboeuvrent pour la r\u00e9alisation de la justice sociale et la r\u00e9partition \u00e9quitable de la richesse nationale, au niveau spatial\u00bb.<\/p>\n<p class=\"c4\">A la suite de cette intervention plusieurs participants ont pris la parole pour d\u00e9crire la situation de la r\u00e9gion, analyser son \u00e9conomie et proposer des alternatives \u00e0 l\u2019\u00e9tat de d\u00e9labrement d\u2019une r\u00e9gion qui aurait pu jouer un r\u00f4le important dans le d\u00e9veloppement global du pays.<\/p>\n<p class=\"c4\">Signalons, enfin, que ce forum s\u2019est tenu en pr\u00e9sence d\u2019une d\u00e9l\u00e9gation du Bureau politique du PPS, compos\u00e9e de Charafate Afailal, Karim Tej, Sa\u00efd Fakkak, Nadia Touhami, Idriss reddouani et Azzouz Sanhaji, \u00e0 c\u00f4t\u00e9 du d\u00e9put\u00e9 du Parti \u00e0 la province de Taounate, Abdallah Bouzidi Idrissi, et de nombreux membres du Comit\u00e9 central du Parti et de l\u2019ADEP.<\/p>\n<p class=\"c4\">Signalons \u00e9galement, que le camarade Achir Abdeslam a \u00e9t\u00e9 \u00e9lu, \u00e0 cette occasion, coordinateur provincial de l\u2019Association d\u00e9mocratique des \u00e9lus progressistes.<\/p>\n<p class=\"c4\">Ce forum a \u00e9t\u00e9 l\u2019occasion pour de nombreuses militantes et militants du Parti pour interagir avec de nombreux citoyens et citoyennes de la r\u00e9gion autour de questions r\u00e9currentes \u00e0 la province de Taounate de mani\u00e8re g\u00e9n\u00e9rale et la r\u00e9gion de Ghafsai tout particuli\u00e8rement.<\/p>\n<p class=\"c5\"><strong>MTA<\/strong><\/p>\n<p class=\"c6\"><span class=\"c2\"><strong>Le PPS s\u2019enquiert de l\u2019\u00e9tat de sant\u00e9 de Messaoudi El Ayachi<\/strong><\/span><\/p>\n<p class=\"c4\"><span class=\"c7\"><strong><img loading=\"lazy\" decoding=\"async\" class=\" wp-image-80236 alignleft\" src=\"http:\/\/albayane.press.ma\/wp-content\/uploads\/Taounate-PPs-Ayachi-230x130.jpg\" alt=\"\" width=\"225\" height=\"127\"\/>Nabil Benabdallah, Secr\u00e9taire g\u00e9n\u00e9ral du Parti du progr\u00e8s et du socialisme (PPS)\u00a0 accompagn\u00e9 d\u2019une d\u00e9l\u00e9gation du Parti, compos\u00e9e de Karim Tej, Pr\u00e9sident de l\u2019Association d\u00e9mocratique des \u00e9lus progressistes (ADEP) et plusieurs membres du Bureau politique, notamment Charafat Afailal, Nadia Touhami, Azouz Senhaji, Said Fekkak, Driss Redouani, et Abdeslam Boutaleb, Directeur g\u00e9n\u00e9ral de l\u2019ADEP ont rendu visite au camarade\u00a0 Messaoudi El Ayachi pour s\u2019enqu\u00e9rir de son \u00e9tat de sant\u00e9 et lui apporter un soutien moral et renouer le contact avec lui ainsi qu\u2019avec les membres de sa famille.<\/strong><\/span><\/p>\n<p class=\"c4\"><span class=\"c7\"><strong>Il est \u00e0 souligner que le camarade Messaoudi El Ayachi fut le premier pr\u00e9sident communal\u00a0 du PPS dans la Province de Taouanate.\u00a0 Son mandat \u00e0 la t\u00eate de la Commune de Ain Mediouna,\u00a0 a \u00e9t\u00e9 marqu\u00e9 par la mise en place de plusieurs r\u00e9formes et projets structurants.<\/strong><\/span><\/p>\n<p class=\"c4\"><span class=\"c7\"><strong>D\u2019ailleurs, notre camarade a obtenu la confiance de la population locale lors des \u00e9lections l\u00e9gislatives. Il fut \u00e9galement pr\u00e9sident du groupe parlementaire du PPS au sein du Parlement.<\/strong><\/span><\/p>\n<p class=\"c4\"><span class=\"c7\"><strong>Le militant du Parti a \u00e9t\u00e9, en outre, connu par ses hautes comp\u00e9tences en mati\u00e8re de l\u2019action parlementaire et son d\u00e9vouement et son engagement militant, reconnu par tout le monde.<\/strong><\/span><\/p>\n<p class=\"c4\"><span class=\"c7\"><strong>Rappelons que Massoudi El Ayachi avait \u00e9t\u00e9 victime d\u2019un grave accident de la circulation entre Rabat et Taounate, alors qu\u2019il accomplissait sa mission de d\u00e9put\u00e9.<\/strong><\/span><\/p>\n<p class=\"c4\"><span class=\"c7\"><strong>Notons que cette visite a eu lieu en marge du forum \u00abL\u2019\u00e9lu progressiste\u00bb, organis\u00e9 par le Bureau national de l\u2019ADEP \u00e0\u00a0 Ghafsai\u00a0 et ce en coordination avec la section locale du PPS \u00e0 Taouante. Elle fut un v\u00e9ritable moment d\u2019\u00e9motion et d\u2019\u00e9change et de rem\u00e9moration des exp\u00e9riences militantes.<\/strong><\/span><\/p>\n<p>Auteur: M&rsquo;hammed rahal<br \/>\n<a href=\"http:\/\/albayane.press.ma\/taounate-benabdallah-appelle-une-repartition-spatiale-equitable-de-la-richesse.html\">Cliquez ici pour lire l&rsquo;article depuis sa source.<\/a><\/p>\n","protected":false},"excerpt":{"rendered":"<p>Suite \u00e0 une d\u00e9cision du Bureau politique, la r\u00e9gion de Ghafsai du Parti du progr\u00e8s et du socialisme, le Secr\u00e9tariat provincial du Parti et l\u2019Association d\u00e9mocratique des \u00e9lus progressistes (ADEP) ont organis\u00e9, samedi dernier, le \u00abForum de l\u2019\u00e9lu progressiste\u00bb. A cette occasion, le Secr\u00e9taire g\u00e9n\u00e9ral du PPS, qui conduisait une forte d\u00e9l\u00e9gation de la direction [&hellip;]<\/p>\n","protected":false},"author":1760,"featured_media":48064,"comment_status":"closed","ping_status":"closed","sticky":false,"template":"","format":"standard","meta":{"fifu_image_url":"","fifu_image_alt":"","footnotes":""},"categories":[73,54],"tags":[],"class_list":["post-48063","post","type-post","status-publish","format-standard","has-post-thumbnail","hentry","category-actualite","category-maroc"],"_links":{"self":[{"href":"https:\/\/linitiative.ca\/International\/wp-json\/wp\/v2\/posts\/48063","targetHints":{"allow":["GET"]}}],"collection":[{"href":"https:\/\/linitiative.ca\/International\/wp-json\/wp\/v2\/posts"}],"about":[{"href":"https:\/\/linitiative.ca\/International\/wp-json\/wp\/v2\/types\/post"}],"author":[{"embeddable":true,"href":"https:\/\/linitiative.ca\/International\/wp-json\/wp\/v2\/users\/1760"}],"replies":[{"embeddable":true,"href":"https:\/\/linitiative.ca\/International\/wp-json\/wp\/v2\/comments?post=48063"}],"version-history":[{"count":0,"href":"https:\/\/linitiative.ca\/International\/wp-json\/wp\/v2\/posts\/48063\/revisions"}],"wp:featuredmedia":[{"embeddable":true,"href":"https:\/\/linitiative.ca\/International\/wp-json\/"}],"wp:attachment":[{"href":"https:\/\/linitiative.ca\/International\/wp-json\/wp\/v2\/media?parent=48063"}],"wp:term":[{"taxonomy":"category","embeddable":true,"href":"https:\/\/linitiative.ca\/International\/wp-json\/wp\/v2\/categories?post=48063"},{"taxonomy":"post_tag","embeddable":true,"href":"https:\/\/linitiative.ca\/International\/wp-json\/wp\/v2\/tags?post=48063"}],"curies":[{"name":"wp","href":"https:\/\/api.w.org\/{rel}","templated":true}]}}