{"id":48068,"date":"2019-07-24T03:55:07","date_gmt":"2019-07-24T07:55:07","guid":{"rendered":"https:\/\/linitiative.ca\/International\/loi-electorale-lisie-appliquera-les-amendements-sils-sont-publies-au-jort\/"},"modified":"2019-07-24T03:55:07","modified_gmt":"2019-07-24T07:55:07","slug":"loi-electorale-lisie-appliquera-les-amendements-sils-sont-publies-au-jort","status":"publish","type":"post","link":"https:\/\/linitiative.ca\/International\/loi-electorale-lisie-appliquera-les-amendements-sils-sont-publies-au-jort\/","title":{"rendered":"Loi \u00e9lectorale : L\u2019ISIE appliquera les amendements s\u2019ils sont publi\u00e9s au JORT"},"content":{"rendered":"<p>Le pr\u00e9sident de l\u2019Instance sup\u00e9rieure ind\u00e9pendante pour les \u00e9lections (ISIE) Nabil Baffoun a laiss\u00e9 entendre, lundi, que l\u2019instance \u00e9lectorale mettra en application les amendements apport\u00e9s \u00e0 la loi \u00e9lectorale s\u2019ils sont publi\u00e9s au JORT et ce avant la date fix\u00e9e pour trancher les candidatures (29 juillet 2019).<\/p>\n<p>Baffoun s\u2019exprimait au cours d\u2019une rencontre r\u00e9gionale \u00e9largie avec les repr\u00e9sentants des partis et de la soci\u00e9t\u00e9 civile consacr\u00e9e aux proc\u00e9dures de candidature aux \u00e9lections l\u00e9gislatives.<\/p>\n<p>Il a annonc\u00e9 le d\u00e9marrage aujourd\u2019hui de l\u2019acceptation des candidatures aux \u00e9lections l\u00e9gislatives conform\u00e9ment \u00e0 l\u2019actuelle loi \u00e9lectorale, rappelant que l\u2019Instance provisoire de contr\u00f4le de la constitutionnalit\u00e9 des projets de lois avait valid\u00e9 cette nouvelle loi. Toutefois, a-t-il affirm\u00e9, l\u2019ISIE ne mettra en application la loi que si elle est publi\u00e9e au JORT comme le pr\u00e9voit la loi n\u00b0 1993-64.<\/p>\n<p>Le conseil de l\u2019ISIE devra d\u00e9cider de la prolongation ou non de la p\u00e9riode d\u2019acceptation des dossiers de candidature si la loi \u00e9lectorale entre en vigueur durant cette \u00e9tape (22-29 juillet), a indiqu\u00e9 Baffoun.<\/p>\n<p>Par ailleurs, le pr\u00e9sident de l\u2019ISIE a fait savoir que jusqu\u2019\u00e0 9h30 ce lundi, 68 demandes de candidature aux l\u00e9gislatures ont \u00e9t\u00e9 d\u00e9pos\u00e9es, pr\u00e9cisant que le taux le plus \u00e9lev\u00e9 a \u00e9t\u00e9 enregistr\u00e9 dans le gouvernorat de Sidi Bouzid.<\/p>\n<p>De son c\u00f4t\u00e9, Farouk Bouasker, membre de l\u2019ISIE a indiqu\u00e9 qu\u2019il sera proc\u00e9d\u00e9 \u00e0 l\u2019application du m\u00eame cadre juridique relatif aux \u00e9lections et r\u00e9f\u00e9rendums que celui de 2014.<\/p>\n<p>Les intervenants au cours de la rencontre ont \u00e9voqu\u00e9 la question du financement public et des amendements apport\u00e9s \u00e0 la loi \u00e9lectorale ainsi que le principe de l\u2019\u00e9galit\u00e9 des chances entre les partis et les listes ind\u00e9pendantes.<\/p>\n<p>Rappelons que le conseiller politique du pr\u00e9sident de la R\u00e9publique, Noureddine Ben Ticha avait d\u00e9clar\u00e9, samedi, que le pr\u00e9sident B\u00e9ji Ca\u00efd Essebsi n\u2019a pas paraph\u00e9 les amendements apport\u00e9s \u00e0 la loi organique relative aux \u00e9lections et r\u00e9f\u00e9rendums, vot\u00e9e par l\u2019Assembl\u00e9e des Repr\u00e9sentants du Peuple le 18 juin 2019 \u00ab parce qu\u2019il refuse la logique de l\u2019exclusion et les amendements taill\u00e9s sur mesure pour certaines parties \u00bb.<\/p>\n<p class=\"dpsp-share-text\">Partager c&rsquo;est aimer!<\/p>\n<div class=\"wp-post-author-wrap wp-post-author-shortcode left\">\n<h3 class=\"awpa-title\"\/>\n<div class=\"wp-post-author\">\n<div class=\"awpa-img awpa-author-block square\"><a href=\"http:\/\/lexpertjournal.net\/fr\/author\/expert\/\"><img loading=\"lazy\" decoding=\"async\" alt=\"\" src=\"http:\/\/2.gravatar.com\/avatar\/56d99be2a6f97af88ccb49fada637fcd?s=150&#038;d=mm&#038;r=g\" srcset=\"http:\/\/2.gravatar.com\/avatar\/56d99be2a6f97af88ccb49fada637fcd?s=300&#038;d=mm&#038;r=g 2x\" class=\"avatar avatar-150 photo\" height=\"150\" width=\"150\"\/><\/a><\/div>\n<\/div>\n<\/div>\n<p>Auteur: L&rsquo;expert<br \/>\n<a href=\"http:\/\/lexpertjournal.net\/fr\/2019\/07\/24\/loi-electorale-lisie-appliquera-les-amendements-sils-sont-publies-au-jort\/\">Cliquez ici pour lire l&rsquo;article depuis sa source.<\/a><\/p>\n","protected":false},"excerpt":{"rendered":"<p>Le pr\u00e9sident de l\u2019Instance sup\u00e9rieure ind\u00e9pendante pour les \u00e9lections (ISIE) Nabil Baffoun a laiss\u00e9 entendre, lundi, que l\u2019instance \u00e9lectorale mettra en application les amendements apport\u00e9s \u00e0 la loi \u00e9lectorale s\u2019ils sont publi\u00e9s au JORT et ce avant la date fix\u00e9e pour trancher les candidatures (29 juillet 2019). Baffoun s\u2019exprimait au cours d\u2019une rencontre r\u00e9gionale \u00e9largie [&hellip;]<\/p>\n","protected":false},"author":1775,"featured_media":0,"comment_status":"closed","ping_status":"closed","sticky":false,"template":"","format":"standard","meta":{"fifu_image_url":"","fifu_image_alt":"","footnotes":""},"categories":[78,55],"tags":[],"class_list":["post-48068","post","type-post","status-publish","format-standard","hentry","category-economie","category-tunisie"],"_links":{"self":[{"href":"https:\/\/linitiative.ca\/International\/wp-json\/wp\/v2\/posts\/48068","targetHints":{"allow":["GET"]}}],"collection":[{"href":"https:\/\/linitiative.ca\/International\/wp-json\/wp\/v2\/posts"}],"about":[{"href":"https:\/\/linitiative.ca\/International\/wp-json\/wp\/v2\/types\/post"}],"author":[{"embeddable":true,"href":"https:\/\/linitiative.ca\/International\/wp-json\/wp\/v2\/users\/1775"}],"replies":[{"embeddable":true,"href":"https:\/\/linitiative.ca\/International\/wp-json\/wp\/v2\/comments?post=48068"}],"version-history":[{"count":0,"href":"https:\/\/linitiative.ca\/International\/wp-json\/wp\/v2\/posts\/48068\/revisions"}],"wp:attachment":[{"href":"https:\/\/linitiative.ca\/International\/wp-json\/wp\/v2\/media?parent=48068"}],"wp:term":[{"taxonomy":"category","embeddable":true,"href":"https:\/\/linitiative.ca\/International\/wp-json\/wp\/v2\/categories?post=48068"},{"taxonomy":"post_tag","embeddable":true,"href":"https:\/\/linitiative.ca\/International\/wp-json\/wp\/v2\/tags?post=48068"}],"curies":[{"name":"wp","href":"https:\/\/api.w.org\/{rel}","templated":true}]}}