{"id":48070,"date":"2019-07-24T04:28:52","date_gmt":"2019-07-24T08:28:52","guid":{"rendered":"https:\/\/linitiative.ca\/International\/avion-militaire-libyen-linstruction-se-poursuit-avec-le-pilote\/"},"modified":"2019-07-24T04:28:52","modified_gmt":"2019-07-24T08:28:52","slug":"avion-militaire-libyen-linstruction-se-poursuit-avec-le-pilote","status":"publish","type":"post","link":"https:\/\/linitiative.ca\/International\/avion-militaire-libyen-linstruction-se-poursuit-avec-le-pilote\/","title":{"rendered":"Avion militaire libyen : L\u2019instruction se poursuit avec le pilote"},"content":{"rendered":"<p>L\u2019instruction se poursuit avec le pilote de l\u2019avion militaire libyen qui a \u00e9t\u00e9 contraint d\u2019atterrir lundi dans la localit\u00e9 d\u2019el-Jorf al-Ahmar, a indiqu\u00e9, mardi, le minist\u00e8re de la D\u00e9fense nationale.<\/p>\n<p>Il a pr\u00e9cis\u00e9 qu\u2019il y a eu une coordination entre le minist\u00e8re de la D\u00e9fense nationale et le minist\u00e8re des Affaires \u00e9trang\u00e8res \u00e0 propos de l\u2019avion et du pilote. \u00ab Le d\u00e9partement des Affaires \u00e9trang\u00e8res se chargera du r\u00e8glement de la situation conform\u00e9ment aux coutumes diplomatiques et les conventions internationales \u00bb, ajoute la m\u00eame source.<\/p>\n<p>Lundi, un avion militaire libyen de type L39 a \u00e9t\u00e9 intercept\u00e9 aux environs de 7h30 un dans l\u2019espace a\u00e9rien tunisien, dans la r\u00e9gion de Beni Ghezaiel, au sud de M\u00e9denine, a rapport\u00e9 le minist\u00e8re de la D\u00e9fense. Le syst\u00e8me de surveillance a \u00e9t\u00e9 alors activ\u00e9 pour intercepter l\u2019engin, sauf que son pilote, un colonel, a \u00e9t\u00e9 contraint d\u2019atterrir dans la r\u00e9gion d\u2019El Jorf el-Ahmar, \u00e0 M\u00e9denine, ajoute le d\u00e9partement.<\/p>\n<p>Le minist\u00e8re pr\u00e9cise que l\u2019enqu\u00eate pr\u00e9liminaire a \u00e9t\u00e9 men\u00e9e par les agents du District de la Garde nationale de M\u00e9denine. \u00ab Les autorit\u00e9s judiciaires militaires poursuivront l\u2019enqu\u00eate \u00bb.<\/p>\n<p>Dans ses premi\u00e8res d\u00e9clarations, le militaire libyen avait expliqu\u00e9 que l\u2019appareil a subi une panne, ce qui l\u2019a contraint \u00e0 effectuer un atterrissage d\u2019urgence.<\/p>\n<p class=\"dpsp-share-text\">Partager c&rsquo;est aimer!<\/p>\n<div class=\"wp-post-author-wrap wp-post-author-shortcode left\">\n<h3 class=\"awpa-title\"\/>\n<div class=\"wp-post-author\">\n<div class=\"awpa-img awpa-author-block square\"><a href=\"http:\/\/lexpertjournal.net\/fr\/author\/expert\/\"><img loading=\"lazy\" decoding=\"async\" alt=\"\" src=\"http:\/\/2.gravatar.com\/avatar\/56d99be2a6f97af88ccb49fada637fcd?s=150&#038;d=mm&#038;r=g\" srcset=\"http:\/\/2.gravatar.com\/avatar\/56d99be2a6f97af88ccb49fada637fcd?s=300&#038;d=mm&#038;r=g 2x\" class=\"avatar avatar-150 photo\" height=\"150\" width=\"150\"\/><\/a><\/div>\n<\/div>\n<\/div>\n<p>Auteur: L&rsquo;expert<br \/>\n<a href=\"http:\/\/lexpertjournal.net\/fr\/2019\/07\/24\/avion-militaire-libyen-linstruction-se-poursuit-avec-le-pilote\/\">Cliquez ici pour lire l&rsquo;article depuis sa source.<\/a><\/p>\n","protected":false},"excerpt":{"rendered":"<p>L\u2019instruction se poursuit avec le pilote de l\u2019avion militaire libyen qui a \u00e9t\u00e9 contraint d\u2019atterrir lundi dans la localit\u00e9 d\u2019el-Jorf al-Ahmar, a indiqu\u00e9, mardi, le minist\u00e8re de la D\u00e9fense nationale. Il a pr\u00e9cis\u00e9 qu\u2019il y a eu une coordination entre le minist\u00e8re de la D\u00e9fense nationale et le minist\u00e8re des Affaires \u00e9trang\u00e8res \u00e0 propos de [&hellip;]<\/p>\n","protected":false},"author":1775,"featured_media":0,"comment_status":"closed","ping_status":"closed","sticky":false,"template":"","format":"standard","meta":{"fifu_image_url":"","fifu_image_alt":"","footnotes":""},"categories":[78,55],"tags":[],"class_list":["post-48070","post","type-post","status-publish","format-standard","hentry","category-economie","category-tunisie"],"_links":{"self":[{"href":"https:\/\/linitiative.ca\/International\/wp-json\/wp\/v2\/posts\/48070","targetHints":{"allow":["GET"]}}],"collection":[{"href":"https:\/\/linitiative.ca\/International\/wp-json\/wp\/v2\/posts"}],"about":[{"href":"https:\/\/linitiative.ca\/International\/wp-json\/wp\/v2\/types\/post"}],"author":[{"embeddable":true,"href":"https:\/\/linitiative.ca\/International\/wp-json\/wp\/v2\/users\/1775"}],"replies":[{"embeddable":true,"href":"https:\/\/linitiative.ca\/International\/wp-json\/wp\/v2\/comments?post=48070"}],"version-history":[{"count":0,"href":"https:\/\/linitiative.ca\/International\/wp-json\/wp\/v2\/posts\/48070\/revisions"}],"wp:attachment":[{"href":"https:\/\/linitiative.ca\/International\/wp-json\/wp\/v2\/media?parent=48070"}],"wp:term":[{"taxonomy":"category","embeddable":true,"href":"https:\/\/linitiative.ca\/International\/wp-json\/wp\/v2\/categories?post=48070"},{"taxonomy":"post_tag","embeddable":true,"href":"https:\/\/linitiative.ca\/International\/wp-json\/wp\/v2\/tags?post=48070"}],"curies":[{"name":"wp","href":"https:\/\/api.w.org\/{rel}","templated":true}]}}