{"id":48071,"date":"2019-07-24T08:07:34","date_gmt":"2019-07-24T12:07:34","guid":{"rendered":"https:\/\/linitiative.ca\/International\/avec-des-remises-entre-20-et-80-demarrage-le-7-aout-des-soldes-dete\/"},"modified":"2019-07-24T08:07:34","modified_gmt":"2019-07-24T12:07:34","slug":"avec-des-remises-entre-20-et-80-demarrage-le-7-aout-des-soldes-dete","status":"publish","type":"post","link":"https:\/\/linitiative.ca\/International\/avec-des-remises-entre-20-et-80-demarrage-le-7-aout-des-soldes-dete\/","title":{"rendered":"Avec des remises entre 20 et 80% : D\u00e9marrage le 7 ao\u00fbt des soldes d\u2019\u00e9t\u00e9"},"content":{"rendered":"<p>Les soldes d\u2019\u00e9t\u00e9 vont d\u00e9marrer le mercredi 7 ao\u00fbt 2019 et se poursuivront pendant six semaines. Cette p\u00e9riode pourrait \u00eatre, ensuite, prolong\u00e9e de deux semaines, a annonc\u00e9 mardi \u00e0 l\u2019Agence TAP, Yasser Ben Khalifa, directeur g\u00e9n\u00e9ral de la concurrence et des enqu\u00eates \u00e9conomique.<\/p>\n<p>Cette date a \u00e9t\u00e9 fix\u00e9e en concertation entre le minist\u00e8re du commerce et la profession, avant la p\u00e9riode de la f\u00eate de l\u2019A\u00efd El Idha et la rentr\u00e9e scolaire. Il s\u2019agit de permettre aux parents de profiter des r\u00e9ductions, pour acheter les habits et les fournitures scolaires pour leurs enfants, a-t-il indiqu\u00e9.<\/p>\n<p>Les r\u00e9ductions consenties par les commer\u00e7ants, varieront entre 20 et 80%.<\/p>\n<p>Ben Khalifa a \u00e9galement, assur\u00e9 que des op\u00e9rations de contr\u00f4le sont d\u00e9j\u00e0 lanc\u00e9es par le d\u00e9partement du commerce, surtout dans les boutiques de pr\u00eat-\u00e0-porter et des chaussures pour rep\u00e9rer les stocks disponibles, leurs origines et leurs prix hors soldes. 55 \u00e9quipes de contr\u00f4le \u00e9conomique sont mobilis\u00e9es \u00e0 cette fin, sur tout le territoire.<\/p>\n<p>Et de pr\u00e9ciser que les campagnes de contr\u00f4le vont s\u2019intensifier durant la p\u00e9riode des soldes pour s\u2019assurer du respect des r\u00e8gles r\u00e9gissant les soldes (affichage des prix et du pourcentage des r\u00e9ductions, double \u00e9tiquetage, d\u00e9clarations pr\u00e9alables\u2026).<\/p>\n<p>Les commer\u00e7ants concern\u00e9s pourront d\u00e9poser leurs demandes d\u2019adh\u00e9sion aux soldes \u00e0 partir de demain 24 juillet 2019, dans les directions centrales et r\u00e9gionales relevant du minist\u00e8re, a t-il encore, fait savoir.<\/p>\n<p class=\"dpsp-share-text\">Partager c&rsquo;est aimer!<\/p>\n<div class=\"wp-post-author-wrap wp-post-author-shortcode left\">\n<h3 class=\"awpa-title\"\/>\n<div class=\"wp-post-author\">\n<div class=\"awpa-img awpa-author-block square\"><a href=\"http:\/\/lexpertjournal.net\/fr\/author\/expert\/\"><img loading=\"lazy\" decoding=\"async\" alt=\"\" src=\"http:\/\/2.gravatar.com\/avatar\/56d99be2a6f97af88ccb49fada637fcd?s=150&#038;d=mm&#038;r=g\" srcset=\"http:\/\/2.gravatar.com\/avatar\/56d99be2a6f97af88ccb49fada637fcd?s=300&#038;d=mm&#038;r=g 2x\" class=\"avatar avatar-150 photo\" height=\"150\" width=\"150\"\/><\/a><\/div>\n<\/div>\n<\/div>\n<p>Auteur: L&rsquo;expert<br \/>\n<a href=\"http:\/\/lexpertjournal.net\/fr\/2019\/07\/24\/avec-des-remises-entre-20-et-80-demarrage-le-7-aout-des-soldes-dete\/\">Cliquez ici pour lire l&rsquo;article depuis sa source.<\/a><\/p>\n","protected":false},"excerpt":{"rendered":"<p>Les soldes d\u2019\u00e9t\u00e9 vont d\u00e9marrer le mercredi 7 ao\u00fbt 2019 et se poursuivront pendant six semaines. Cette p\u00e9riode pourrait \u00eatre, ensuite, prolong\u00e9e de deux semaines, a annonc\u00e9 mardi \u00e0 l\u2019Agence TAP, Yasser Ben Khalifa, directeur g\u00e9n\u00e9ral de la concurrence et des enqu\u00eates \u00e9conomique. Cette date a \u00e9t\u00e9 fix\u00e9e en concertation entre le minist\u00e8re du commerce [&hellip;]<\/p>\n","protected":false},"author":1775,"featured_media":0,"comment_status":"closed","ping_status":"closed","sticky":false,"template":"","format":"standard","meta":{"fifu_image_url":"","fifu_image_alt":"","footnotes":""},"categories":[78,55],"tags":[],"class_list":["post-48071","post","type-post","status-publish","format-standard","hentry","category-economie","category-tunisie"],"_links":{"self":[{"href":"https:\/\/linitiative.ca\/International\/wp-json\/wp\/v2\/posts\/48071","targetHints":{"allow":["GET"]}}],"collection":[{"href":"https:\/\/linitiative.ca\/International\/wp-json\/wp\/v2\/posts"}],"about":[{"href":"https:\/\/linitiative.ca\/International\/wp-json\/wp\/v2\/types\/post"}],"author":[{"embeddable":true,"href":"https:\/\/linitiative.ca\/International\/wp-json\/wp\/v2\/users\/1775"}],"replies":[{"embeddable":true,"href":"https:\/\/linitiative.ca\/International\/wp-json\/wp\/v2\/comments?post=48071"}],"version-history":[{"count":0,"href":"https:\/\/linitiative.ca\/International\/wp-json\/wp\/v2\/posts\/48071\/revisions"}],"wp:attachment":[{"href":"https:\/\/linitiative.ca\/International\/wp-json\/wp\/v2\/media?parent=48071"}],"wp:term":[{"taxonomy":"category","embeddable":true,"href":"https:\/\/linitiative.ca\/International\/wp-json\/wp\/v2\/categories?post=48071"},{"taxonomy":"post_tag","embeddable":true,"href":"https:\/\/linitiative.ca\/International\/wp-json\/wp\/v2\/tags?post=48071"}],"curies":[{"name":"wp","href":"https:\/\/api.w.org\/{rel}","templated":true}]}}