{"id":48073,"date":"2019-07-24T08:26:06","date_gmt":"2019-07-24T12:26:06","guid":{"rendered":"https:\/\/linitiative.ca\/International\/depot-des-candidatures-pour-les-legislatives-le-torchon-brule-entre-les-deux-front-populaire\/"},"modified":"2019-07-24T08:26:06","modified_gmt":"2019-07-24T12:26:06","slug":"depot-des-candidatures-pour-les-legislatives-le-torchon-brule-entre-les-deux-front-populaire","status":"publish","type":"post","link":"https:\/\/linitiative.ca\/International\/depot-des-candidatures-pour-les-legislatives-le-torchon-brule-entre-les-deux-front-populaire\/","title":{"rendered":"D\u00e9p\u00f4t des candidatures pour les l\u00e9gislatives\u00a0: Le torchon br\u00fble entre les deux \u00ab\u00a0Front populaire\u00a0\u00bb"},"content":{"rendered":"<p>Le parti \u00ab Front populaire \u00bb dont la cr\u00e9ation a \u00e9t\u00e9 annonc\u00e9e r\u00e9cemment, pr\u00e9sentera officiellement ses listes \u00e9lectorales pour les L\u00e9gislatives 2019 lors d\u2019une conf\u00e9rence de presse pr\u00e9vue la semaine prochaine.<\/p>\n<p>Une source du parti a d\u00e9clar\u00e9 mercredi \u00e0 la TAP que le parti sera pr\u00e9sent dans 33 circonscriptions \u00ab en accord avec les partis d\u2019Attaliaa, des Patriotes D\u00e9mocrates unifi\u00e9 et de la Gauche ouvri\u00e8re, en plus des ind\u00e9pendants.<\/p>\n<p>Les membres du parti r\u00e9pondront, lors de la conf\u00e9rence, aux \u00bb supercheries \u00bb relay\u00e9es \u00e0 leur sujet.<\/p>\n<p>Lundi, les services du ministre charg\u00e9 des relations avec les Instances constitutionnelles, la Soci\u00e9t\u00e9 civile et des Droits de l\u2019homme ont annonc\u00e9 la cr\u00e9ation d\u2019un nouveau parti politique baptis\u00e9 le \u00ab Front populaire \u00bb pr\u00e9sid\u00e9 par Safa Dhaouadi.<\/p>\n<p>Des membres des listes de coalition du Front populaire candidats aux \u00e9lections l\u00e9gislatives et plusieurs de ses militants (clan Hamma Hammami) ont entam\u00e9 mardi des mouvements de protestations \u00e0 l\u2019int\u00e9rieur des instances r\u00e9gionales pour les \u00e9lections y compris son si\u00e8ge central.<\/p>\n<p>Ils contestent l\u2019utilisation par un parti l\u00e9gal, d\u2019une appellation d\u00e9j\u00e0 existante \u00bb. Les Membres du Front (coalition), d\u00e9noncent \u00e9galement, les tentatives du chef du gouvernement Youssef Chahed de porter atteinte \u00e0 la formation politique, de connivence avec des \u00e9l\u00e9ments dissidents.<\/p>\n<p>Les sit-ineurs appellent \u00e9galement l\u2019instance \u00e9lectorale \u00e0 intervenir en urgence et \u00e0 exercer ses pr\u00e9rogatives conform\u00e9ment aux dispositions de la loi \u00e9lectorale en vue de ne pas perturber les prochaines \u00e9lections.<\/p>\n<p class=\"dpsp-share-text\">Partager c&rsquo;est aimer!<\/p>\n<div class=\"wp-post-author-wrap wp-post-author-shortcode left\">\n<h3 class=\"awpa-title\"\/>\n<div class=\"wp-post-author\">\n<div class=\"awpa-img awpa-author-block square\"><a href=\"http:\/\/lexpertjournal.net\/fr\/author\/expert\/\"><img loading=\"lazy\" decoding=\"async\" alt=\"\" src=\"http:\/\/2.gravatar.com\/avatar\/56d99be2a6f97af88ccb49fada637fcd?s=150&#038;d=mm&#038;r=g\" srcset=\"http:\/\/2.gravatar.com\/avatar\/56d99be2a6f97af88ccb49fada637fcd?s=300&#038;d=mm&#038;r=g 2x\" class=\"avatar avatar-150 photo\" height=\"150\" width=\"150\"\/><\/a><\/div>\n<\/div>\n<\/div>\n<p>Auteur: L&rsquo;expert<br \/>\n<a href=\"http:\/\/lexpertjournal.net\/fr\/2019\/07\/24\/depot-des-candidatures-pour-les-legislatives-le-torchon-brule-entre-les-deux-front-populaire\/\">Cliquez ici pour lire l&rsquo;article depuis sa source.<\/a><\/p>\n","protected":false},"excerpt":{"rendered":"<p>Le parti \u00ab Front populaire \u00bb dont la cr\u00e9ation a \u00e9t\u00e9 annonc\u00e9e r\u00e9cemment, pr\u00e9sentera officiellement ses listes \u00e9lectorales pour les L\u00e9gislatives 2019 lors d\u2019une conf\u00e9rence de presse pr\u00e9vue la semaine prochaine. Une source du parti a d\u00e9clar\u00e9 mercredi \u00e0 la TAP que le parti sera pr\u00e9sent dans 33 circonscriptions \u00ab en accord avec les partis [&hellip;]<\/p>\n","protected":false},"author":1775,"featured_media":0,"comment_status":"closed","ping_status":"closed","sticky":false,"template":"","format":"standard","meta":{"fifu_image_url":"","fifu_image_alt":"","footnotes":""},"categories":[78,55],"tags":[],"class_list":["post-48073","post","type-post","status-publish","format-standard","hentry","category-economie","category-tunisie"],"_links":{"self":[{"href":"https:\/\/linitiative.ca\/International\/wp-json\/wp\/v2\/posts\/48073","targetHints":{"allow":["GET"]}}],"collection":[{"href":"https:\/\/linitiative.ca\/International\/wp-json\/wp\/v2\/posts"}],"about":[{"href":"https:\/\/linitiative.ca\/International\/wp-json\/wp\/v2\/types\/post"}],"author":[{"embeddable":true,"href":"https:\/\/linitiative.ca\/International\/wp-json\/wp\/v2\/users\/1775"}],"replies":[{"embeddable":true,"href":"https:\/\/linitiative.ca\/International\/wp-json\/wp\/v2\/comments?post=48073"}],"version-history":[{"count":0,"href":"https:\/\/linitiative.ca\/International\/wp-json\/wp\/v2\/posts\/48073\/revisions"}],"wp:attachment":[{"href":"https:\/\/linitiative.ca\/International\/wp-json\/wp\/v2\/media?parent=48073"}],"wp:term":[{"taxonomy":"category","embeddable":true,"href":"https:\/\/linitiative.ca\/International\/wp-json\/wp\/v2\/categories?post=48073"},{"taxonomy":"post_tag","embeddable":true,"href":"https:\/\/linitiative.ca\/International\/wp-json\/wp\/v2\/tags?post=48073"}],"curies":[{"name":"wp","href":"https:\/\/api.w.org\/{rel}","templated":true}]}}