{"id":48079,"date":"2019-07-24T07:44:00","date_gmt":"2019-07-24T11:44:00","guid":{"rendered":"https:\/\/linitiative.ca\/International\/me-salah-debbouz-nest-plus-sous-controle-judiciaire\/"},"modified":"2019-07-24T07:44:00","modified_gmt":"2019-07-24T11:44:00","slug":"me-salah-debbouz-nest-plus-sous-controle-judiciaire","status":"publish","type":"post","link":"https:\/\/linitiative.ca\/International\/me-salah-debbouz-nest-plus-sous-controle-judiciaire\/","title":{"rendered":"Me Salah Debbouz n\u2019est plus sous contr\u00f4le judiciaire"},"content":{"rendered":"<div id=\"originalText\" readability=\"51\">\n<p><span class=\"c10\">L\u2019avocat Me Salah Debbouz et le militant politique Hadj Brahim Aouf, viennent de b\u00e9n\u00e9ficier de la lev\u00e9e de la proc\u00e9dure de contr\u00f4le judiciaire auquel ils \u00e9taient soumis.<\/span><\/p>\n<p><span class=\"c10\">\u00ab\u00a0Le juge d&rsquo;instruction de la premi\u00e8re chambre m&rsquo;a inform\u00e9 que l&rsquo;affaire a \u00e9t\u00e9 renvoy\u00e9e devant le tribunal des d\u00e9lits et que de ce fait le contr\u00f4le judiciaire a \u00e9t\u00e9 lev\u00e9 pour moi et Aouf\u00a0\u00bb, a annonc\u00e9, l\u2019avocat sur sa page Facebook, ce mercredi.<\/span><\/p>\n<p><span class=\"c10\">Pour rappel, le d\u00e9fenseur des droits\u00a0de l\u2019homme est en gr\u00e8ve de la faim depuis 17 jours, pour d\u00e9noncer le contr\u00f4le judiciaire auquel il \u00e9tait soumis depuis le 8 avril 2019, l\u2019obligeant \u00e0 se rendre 3 fois par semaine \u00e0 Gharda\u00efa, et\u00a0\u00e9galement,\u00a0pour d\u00e9noncer\u00a0l&rsquo;\u00ab\u00a0injustice\u00a0\u00bb et le\u00a0\u00abd\u00e9ni de droit\u00bb.<\/span><\/p>\n<p class=\"c11\"><strong>R\u00e9daction Web<\/strong><\/p>\n<\/div>\n<div id=\"text_core\" readability=\"51\">\n<p><span class=\"c10\">L\u2019avocat Me Salah Debbouz et le militant politique Hadj Brahim Aouf, viennent de b\u00e9n\u00e9ficier de la lev\u00e9e de la proc\u00e9dure de contr\u00f4le judiciaire auquel ils \u00e9taient soumis.<\/span><\/p>\n<p><span class=\"c10\">\u00ab\u00a0Le juge d&rsquo;instruction de la premi\u00e8re chambre m&rsquo;a inform\u00e9 que l&rsquo;affaire a \u00e9t\u00e9 renvoy\u00e9e devant le tribunal des d\u00e9lits et que de ce fait le contr\u00f4le judiciaire a \u00e9t\u00e9 lev\u00e9 pour moi et Aouf\u00a0\u00bb, a annonc\u00e9, l\u2019avocat sur sa page Facebook, ce mercredi.<\/span><\/p>\n<p><span class=\"c10\">Pour rappel, le d\u00e9fenseur des droits\u00a0de l\u2019homme est en gr\u00e8ve de la faim depuis 17 jours, pour d\u00e9noncer le contr\u00f4le judiciaire auquel il \u00e9tait soumis depuis le 8 avril 2019, l\u2019obligeant \u00e0 se rendre 3 fois par semaine \u00e0 Gharda\u00efa, et\u00a0\u00e9galement,\u00a0pour d\u00e9noncer\u00a0l&rsquo;\u00ab\u00a0injustice\u00a0\u00bb et le\u00a0\u00abd\u00e9ni de droit\u00bb.<\/span><\/p>\n<p class=\"c11\"><strong>R\u00e9daction Web<\/strong><\/p>\n<\/div>\n<p>Auteur:<br \/>\n<a href=\"https:\/\/www.liberte-algerie.com\/actualite\/me-salah-debbouz-nest-plus-sous-controle-judiciaire-320625\">Cliquez ici pour lire l&rsquo;article depuis sa source.<\/a><\/p>\n","protected":false},"excerpt":{"rendered":"<p>L\u2019avocat Me Salah Debbouz et le militant politique Hadj Brahim Aouf, viennent de b\u00e9n\u00e9ficier de la lev\u00e9e de la proc\u00e9dure de contr\u00f4le judiciaire auquel ils \u00e9taient soumis. \u00ab\u00a0Le juge d&rsquo;instruction de la premi\u00e8re chambre m&rsquo;a inform\u00e9 que l&rsquo;affaire a \u00e9t\u00e9 renvoy\u00e9e devant le tribunal des d\u00e9lits et que de ce fait le contr\u00f4le judiciaire a [&hellip;]<\/p>\n","protected":false},"author":1742,"featured_media":0,"comment_status":"closed","ping_status":"closed","sticky":false,"template":"","format":"standard","meta":{"fifu_image_url":"","fifu_image_alt":"","footnotes":""},"categories":[73,53],"tags":[],"class_list":["post-48079","post","type-post","status-publish","format-standard","hentry","category-actualite","category-algerie"],"_links":{"self":[{"href":"https:\/\/linitiative.ca\/International\/wp-json\/wp\/v2\/posts\/48079","targetHints":{"allow":["GET"]}}],"collection":[{"href":"https:\/\/linitiative.ca\/International\/wp-json\/wp\/v2\/posts"}],"about":[{"href":"https:\/\/linitiative.ca\/International\/wp-json\/wp\/v2\/types\/post"}],"author":[{"embeddable":true,"href":"https:\/\/linitiative.ca\/International\/wp-json\/wp\/v2\/users\/1742"}],"replies":[{"embeddable":true,"href":"https:\/\/linitiative.ca\/International\/wp-json\/wp\/v2\/comments?post=48079"}],"version-history":[{"count":0,"href":"https:\/\/linitiative.ca\/International\/wp-json\/wp\/v2\/posts\/48079\/revisions"}],"wp:attachment":[{"href":"https:\/\/linitiative.ca\/International\/wp-json\/wp\/v2\/media?parent=48079"}],"wp:term":[{"taxonomy":"category","embeddable":true,"href":"https:\/\/linitiative.ca\/International\/wp-json\/wp\/v2\/categories?post=48079"},{"taxonomy":"post_tag","embeddable":true,"href":"https:\/\/linitiative.ca\/International\/wp-json\/wp\/v2\/tags?post=48079"}],"curies":[{"name":"wp","href":"https:\/\/api.w.org\/{rel}","templated":true}]}}