{"id":48084,"date":"2019-07-24T09:07:18","date_gmt":"2019-07-24T13:07:18","guid":{"rendered":"https:\/\/linitiative.ca\/International\/les-actions-de-valorisation-de-la-filiere-dargan-exposees-a-tamanar\/"},"modified":"2019-07-24T09:07:18","modified_gmt":"2019-07-24T13:07:18","slug":"les-actions-de-valorisation-de-la-filiere-dargan-exposees-a-tamanar","status":"publish","type":"post","link":"https:\/\/linitiative.ca\/International\/les-actions-de-valorisation-de-la-filiere-dargan-exposees-a-tamanar\/","title":{"rendered":"Les actions de valorisation de la fili\u00e8re d\u2019argan expos\u00e9es \u00e0 Tamanar"},"content":{"rendered":"<div readability=\"36\">\n<p>Commune de Tamanar (Essaouira) \u2013 Les efforts d\u00e9ploy\u00e9s par les diff\u00e9rents intervenants en vue de valoriser la fili\u00e8re d\u2019argan et permettre aux ayants-droits et aux femmes rurales d\u2019en tirer le maximum de profits, ont \u00e9t\u00e9 mis en exergue mardi \u00e0 la Commune de Tamanar relevant de la province d\u2019Essaouira.<\/p>\n<\/div>\n<div readability=\"166\">\n<p>Lors d\u2019une r\u00e9union de travail, la deuxi\u00e8me du genre, du comit\u00e9 provincial de d\u00e9veloppement de la fili\u00e8re argani\u00e8re, l\u2019accent a \u00e9t\u00e9 mis \u00e9galement sur l\u2019ensemble des mesures et actions engag\u00e9es en vue d\u2019assurer un d\u00e9veloppement durable de cette fili\u00e8re de mani\u00e8re \u00e0 contribuer au renforcement de sa contribution \u00e0 l\u2019\u00e9conomie locale.<\/p>\n<p>Cette r\u00e9union a \u00e9t\u00e9 aussi l\u2019occasion de rappeler le potentiel arganier important dont regorge la province, et de focaliser aussi sur les contraintes et difficult\u00e9s telles qu\u2019identifi\u00e9es sur la base de concertations avec les professionnels de la fili\u00e8re et ce, en application d\u2019une approche participative, d\u2019\u00e9coute et de proximit\u00e9.<\/p>\n<p>Cette s\u00e9ance de travail marqu\u00e9e par la pr\u00e9sence du gouverneur de la province d\u2019Essaouira, Adil El Maliki, des chefs des services ext\u00e9rieurs concern\u00e9s, des \u00e9lus locaux, des repr\u00e9sentants des professionnels du secteur, des ayants droits- exploitants de la for\u00eat d\u2019Arganiers, et d\u2019acteurs de la soci\u00e9t\u00e9 civile, fait suite \u00e0 une premi\u00e8re rencontre du comit\u00e9 provincial de d\u00e9veloppement de la fili\u00e8re argani\u00e8re tenue le 30 mai dernier.<\/p>\n<p>Elle se veut le couronnement d\u2019une s\u00e9rie de rencontres de concertation autour du d\u00e9veloppement de la cha\u00eene d\u2019argan au niveau provincial, et illustre l\u2019int\u00e9r\u00eat port\u00e9 par les autorit\u00e9s provinciales \u00e0 la fili\u00e8re argani\u00e8re et ce, compte tenu de l\u2019importance de la productivit\u00e9 de cette fili\u00e8re et son impact socio-\u00e9conomique important sur la population dans le monde rural.<\/p>\n<p>Dans une allocution de circonstance, M. El Maliki s\u2019est f\u00e9licit\u00e9 de la tenue de cette r\u00e9union qui rev\u00eat une importance cruciale, louant au passage les efforts remarquables entrepris depuis le premier rendez-vous pour mener des actions concr\u00e8tes sur le terrain et permettre \u00e0 cette fili\u00e8re d\u2019avoir un impact positif sur la population concern\u00e9e ainsi que sur le monde rural de mani\u00e8re g\u00e9n\u00e9rale.<\/p>\n<p>\u00ab\u00a0Certes, il serait difficile de r\u00e9soudre dans l\u2019imm\u00e9diat tous les probl\u00e8mes que conna\u00eet la fili\u00e8re. Il s\u2019agit d\u2019une m\u00e9thodologie que nous avons mise en place afin de valoriser la fili\u00e8re dans sa globalit\u00e9, en amont et en aval, \u00e0 travers des actions concr\u00e8tes et bien r\u00e9fl\u00e9chies\u00a0\u00bb, a-t-il expliqu\u00e9, insistant sur la n\u00e9cessit\u00e9 d\u2019acc\u00e9l\u00e9rer le rythme d\u2019action, de se doter d\u2019outils de travail appropri\u00e9s, et de pers\u00e9v\u00e9rer sur la bonne voie.<\/p>\n<p>Il a \u00e9mis le voeu de voir l\u2019ensemble des acteurs agir la main dans la main pour que les premiers r\u00e9sultats commencent \u00e0 se faire sentir dans un avenir proche car il s\u2019agit de r\u00e9pondre positivement et efficacement aux attentes et aspirations des populations, a dit M. El Maliki.<\/p>\n<p>Par la suite, l\u2019assistance a suivi un expos\u00e9 exhaustif de M. Khalid Chafik, chef de division des affaires rurales et de l\u2019environnement \u00e0 la province d\u2019Essaouira, ax\u00e9 sur les principales conclusions de la premi\u00e8re r\u00e9union du comit\u00e9 provincial de valorisation de la fili\u00e8re d\u2019argan.<\/p>\n<p>M. Abdellatif Mait, chef d\u00e9partement d\u2019Essaouira(Direction de d\u00e9veloppement des zones de l\u2019arganier) \u00e0 l\u2019Agence Nationale Pour le D\u00e9veloppement des Zones Oasiennes et de l\u2019Arganier (ANDZOA), a donn\u00e9, lui, un aper\u00e7u d\u00e9taill\u00e9 sur le programme de mise \u00e0 niveau de la fili\u00e8re de l\u2019arganier au niveau de la province, notant que le d\u00e9veloppement de cette fili\u00e8re requiert des outils de travail clairs, une m\u00e9thodologie bien d\u00e9finie, des objectifs fix\u00e9s au pr\u00e9alable, outre une r\u00e9flexion approfondie avant la prise de d\u00e9cisions.<\/p>\n<p>Chiffres \u00e0 l\u2019appui, M. Mait s\u2019est longuement attard\u00e9 sur l\u2019importance de la fili\u00e8re argani\u00e8re \u00e0 l\u2019\u00e9chelle provinciale et la place de la province au plan national, passant en revue une s\u00e9rie de projets en cours d\u2019ex\u00e9cution en mati\u00e8re de valorisation et de d\u00e9veloppement de cette cha\u00eene \u00e0 haute valeur ajout\u00e9e.<\/p>\n<p>A ce propos, il a inform\u00e9 l\u2019assistance de l\u2019\u00e9tat d\u2019avancement de l\u2019op\u00e9ration de plantation de l\u2019arganier agricole dans les parcelles priv\u00e9es et de celui des unit\u00e9s de valorisation et de collecte de la mati\u00e8re premi\u00e8re au profit des ayants-droits, et donn\u00e9 un aper\u00e7u sur les rencontres de sensibilisation et les perspectives de d\u00e9veloppement de la fili\u00e8re, tout en se f\u00e9licitant de la synergie et de l\u2019engagement de l\u2019ensemble des intervenants concern\u00e9s.<\/p>\n<p>M. Ahmed Najid, directeur provincial de l\u2019Agriculture, a mis en avant la place de choix qu\u2019occupe la fili\u00e8re argani\u00e8re dans l\u2019\u00e9conomie locale de la province en tant que source de revenus pour les populations notamment dans le monde rural, saluant l\u2019int\u00e9r\u00eat accord\u00e9 par les autorit\u00e9s provinciales \u00e0 la promotion et au d\u00e9veloppement de cette fili\u00e8re.<\/p>\n<p>Dans la foul\u00e9e, il a mis en exergue les diff\u00e9rentes r\u00e9alisations accomplies pour la valorisation de cette fili\u00e8re dans le cadre du \u00ab\u00a0Plan Maroc Vert\u00a0\u00bb, insistant sur l\u2019importance que jouent les associations, qui sont en grande majorit\u00e9 f\u00e9minines, au niveau de la province dans la valorisation de la fili\u00e8re, d\u2019o\u00f9 l\u2019int\u00e9r\u00eat de leur accompagnement par la DPA \u00e0 plusieurs niveaux dont celui de la commercialisation.<\/p>\n<p>Quant aux autres intervenants, ils ont r\u00e9it\u00e9r\u00e9 leur engagement \u00e0 agir en concertation et en synergie pour la valorisation de la fili\u00e8re argani\u00e8re et ce, dans l\u2019optique de renforcer sa valeur ajout\u00e9e et permettre \u00e0 l\u2019\u00e9conomie locale et aux b\u00e9n\u00e9ficiaires d\u2019en tirer profit.<\/p>\n<p>A rappeler qu\u2019un comit\u00e9 provincial charg\u00e9 du d\u00e9veloppement de la cha\u00eene de l\u2019argan a \u00e9t\u00e9 constitu\u00e9 avec pour missions, entre autres, de proposer l\u2019ensemble des mesures n\u00e9cessaires au d\u00e9veloppement et \u00e0 la protection de l\u2019espace forestier de l\u2019arganier, de d\u00e9finir les saisons de r\u00e9colte du fruit de l\u2019arganier \u00a0\u00bbAgadal\u00a0\u00bb, de veiller au suivi de la cr\u00e9ation et de la gestion d\u2019unit\u00e9s de collecte, de promotion et de commercialisation de la mati\u00e8re premi\u00e8re de l\u2019argan \u00a0\u00bbAfiyach\u00a0\u00bb, et d\u2019oeuvrer pour organiser la commercialisation et le transport de la mati\u00e8re premi\u00e8re au niveau provincial.<\/p>\n<p>Le comit\u00e9 provincial se donne pour mission aussi d\u2019accompagner et d\u2019encourager les projets d\u2019agr\u00e9gation agricole li\u00e9s \u00e0 la cha\u00eene de l\u2019argan, d\u2019assurer le bon d\u00e9roulement des op\u00e9rations de plantation et replantation de l\u2019arganier, et de veiller \u00e0 une r\u00e9partition \u00e9quilibr\u00e9e de la valeur ajout\u00e9e g\u00e9n\u00e9r\u00e9e \u00e0 partir de la mati\u00e8re premi\u00e8re de l\u2019argan.<\/p>\n<\/div>\n<p>Auteur: Mohammed KOURSI<br \/>\n<a href=\"http:\/\/www.mapmarrakech.ma\/fr\/les-actions-de-valorisation-de-la-filiere-dargan-exposees-a-tamanar\/\">Cliquez ici pour lire l&rsquo;article depuis sa source.<\/a><\/p>\n","protected":false},"excerpt":{"rendered":"<p>Commune de Tamanar (Essaouira) \u2013 Les efforts d\u00e9ploy\u00e9s par les diff\u00e9rents intervenants en vue de valoriser la fili\u00e8re d\u2019argan et permettre aux ayants-droits et aux femmes rurales d\u2019en tirer le maximum de profits, ont \u00e9t\u00e9 mis en exergue mardi \u00e0 la Commune de Tamanar relevant de la province d\u2019Essaouira. Lors d\u2019une r\u00e9union de travail, la [&hellip;]<\/p>\n","protected":false},"author":1788,"featured_media":0,"comment_status":"closed","ping_status":"closed","sticky":false,"template":"","format":"standard","meta":{"fifu_image_url":"","fifu_image_alt":"","footnotes":""},"categories":[54,76],"tags":[],"class_list":["post-48084","post","type-post","status-publish","format-standard","hentry","category-maroc","category-regions"],"_links":{"self":[{"href":"https:\/\/linitiative.ca\/International\/wp-json\/wp\/v2\/posts\/48084","targetHints":{"allow":["GET"]}}],"collection":[{"href":"https:\/\/linitiative.ca\/International\/wp-json\/wp\/v2\/posts"}],"about":[{"href":"https:\/\/linitiative.ca\/International\/wp-json\/wp\/v2\/types\/post"}],"author":[{"embeddable":true,"href":"https:\/\/linitiative.ca\/International\/wp-json\/wp\/v2\/users\/1788"}],"replies":[{"embeddable":true,"href":"https:\/\/linitiative.ca\/International\/wp-json\/wp\/v2\/comments?post=48084"}],"version-history":[{"count":0,"href":"https:\/\/linitiative.ca\/International\/wp-json\/wp\/v2\/posts\/48084\/revisions"}],"wp:attachment":[{"href":"https:\/\/linitiative.ca\/International\/wp-json\/wp\/v2\/media?parent=48084"}],"wp:term":[{"taxonomy":"category","embeddable":true,"href":"https:\/\/linitiative.ca\/International\/wp-json\/wp\/v2\/categories?post=48084"},{"taxonomy":"post_tag","embeddable":true,"href":"https:\/\/linitiative.ca\/International\/wp-json\/wp\/v2\/tags?post=48084"}],"curies":[{"name":"wp","href":"https:\/\/api.w.org\/{rel}","templated":true}]}}