{"id":48085,"date":"2019-07-23T14:26:29","date_gmt":"2019-07-23T18:26:29","guid":{"rendered":"https:\/\/linitiative.ca\/International\/nouvelle-marche-des-etudiants-a-bejaia\/"},"modified":"2019-07-23T14:26:29","modified_gmt":"2019-07-23T18:26:29","slug":"nouvelle-marche-des-etudiants-a-bejaia","status":"publish","type":"post","link":"https:\/\/linitiative.ca\/International\/nouvelle-marche-des-etudiants-a-bejaia\/","title":{"rendered":"Nouvelle marche des \u00e9tudiants \u00e0 Bejaia"},"content":{"rendered":"<div>\n<div class=\"K2FeedIntroText\">\n<p><strong>BEJAIA &#8211; Les \u00e9tudiants de l\u2019universit\u00e9 de Bejaia sont de nouveau descendus dans la rue mardi \u00e0 Bejaia, pour r\u00e9clamer une rupture radicale avec le syst\u00e8me de gouvernance et soutenir l\u2019option d\u2019une transition politique pour pr\u00e9parer l\u2019av\u00e8nement d\u2019une nouvelle r\u00e9publique.<\/strong><\/p>\n<\/div>\n<div class=\"K2FeedFullText\">\n<p>Malgr\u00e9 la chaleur et la d\u00e9mobilisation en rapport avec le d\u00e9but des vacances d\u2019\u00e9t\u00e9, les \u00e9tudiants \u00e9taient n\u00e9anmoins plusieurs centaines \u00e0 prendre part \u00e0 cette manifestation hebdomadaire, qui a valu par une focalisation sur le d\u00e9part des figures de proue du syst\u00e8me, dont une multitude de patronymes ont \u00e9t\u00e9 \u00e9voqu\u00e9s et la lib\u00e9ration des personnes d\u00e9tenues lors des pr\u00e9c\u00e9dentes marches.<\/p>\n<p>L\u2019occasion a \u00e9t\u00e9 \u00e9galement saisie pour d\u00e9noncer les r\u00e9formes universitaires, ciblant la nouvelle option linguistique, notamment la g\u00e9n\u00e9ralisation de l\u2019Anglais, jug\u00e9e de \u00ab\u00a0bricolage\u00a0\u00bb et assimil\u00e9e \u00e0 une \u00ab\u00a0diversion\u00a0\u00bb pour atteindre la dynamique de revendication au sein de l\u2019universit\u00e9.<\/p>\n<p>Les marcheurs ont sillonn\u00e9 plusieurs art\u00e8res de la ville, allant du p\u00f4le de Targa Ouzemmour, \u00e0 l\u2019ouest jusqu\u2019\u00e0 la place de la libert\u00e9 \u00ab\u00a0Said Mekbel\u00a0\u00bb, au centre-ville, en se d\u00e9roulant dans des processions joyeuses et festives.<\/p>\n<\/div>\n<\/div>\n<p>Auteur:<br \/>\n<a href=\"http:\/\/www.aps.dz\/regions\/92370-nouvelle-marche-des-etudiants-a-bejaia\">Cliquez ici pour lire l&rsquo;article depuis sa source.<\/a><\/p>\n","protected":false},"excerpt":{"rendered":"<p>BEJAIA &#8211; Les \u00e9tudiants de l\u2019universit\u00e9 de Bejaia sont de nouveau descendus dans la rue mardi \u00e0 Bejaia, pour r\u00e9clamer une rupture radicale avec le syst\u00e8me de gouvernance et soutenir l\u2019option d\u2019une transition politique pour pr\u00e9parer l\u2019av\u00e8nement d\u2019une nouvelle r\u00e9publique. Malgr\u00e9 la chaleur et la d\u00e9mobilisation en rapport avec le d\u00e9but des vacances d\u2019\u00e9t\u00e9, les [&hellip;]<\/p>\n","protected":false},"author":1790,"featured_media":0,"comment_status":"closed","ping_status":"closed","sticky":false,"template":"","format":"standard","meta":{"fifu_image_url":"","fifu_image_alt":"","footnotes":""},"categories":[53,76],"tags":[],"class_list":["post-48085","post","type-post","status-publish","format-standard","hentry","category-algerie","category-regions"],"_links":{"self":[{"href":"https:\/\/linitiative.ca\/International\/wp-json\/wp\/v2\/posts\/48085","targetHints":{"allow":["GET"]}}],"collection":[{"href":"https:\/\/linitiative.ca\/International\/wp-json\/wp\/v2\/posts"}],"about":[{"href":"https:\/\/linitiative.ca\/International\/wp-json\/wp\/v2\/types\/post"}],"author":[{"embeddable":true,"href":"https:\/\/linitiative.ca\/International\/wp-json\/wp\/v2\/users\/1790"}],"replies":[{"embeddable":true,"href":"https:\/\/linitiative.ca\/International\/wp-json\/wp\/v2\/comments?post=48085"}],"version-history":[{"count":0,"href":"https:\/\/linitiative.ca\/International\/wp-json\/wp\/v2\/posts\/48085\/revisions"}],"wp:attachment":[{"href":"https:\/\/linitiative.ca\/International\/wp-json\/wp\/v2\/media?parent=48085"}],"wp:term":[{"taxonomy":"category","embeddable":true,"href":"https:\/\/linitiative.ca\/International\/wp-json\/wp\/v2\/categories?post=48085"},{"taxonomy":"post_tag","embeddable":true,"href":"https:\/\/linitiative.ca\/International\/wp-json\/wp\/v2\/tags?post=48085"}],"curies":[{"name":"wp","href":"https:\/\/api.w.org\/{rel}","templated":true}]}}