{"id":48086,"date":"2019-07-24T06:46:00","date_gmt":"2019-07-24T10:46:00","guid":{"rendered":"https:\/\/linitiative.ca\/International\/deux-helicopteres-bombardiers-pour-venir-a-bout-dun-incendie-au-parc-du-djurdjura\/"},"modified":"2019-07-24T06:46:00","modified_gmt":"2019-07-24T10:46:00","slug":"deux-helicopteres-bombardiers-pour-venir-a-bout-dun-incendie-au-parc-du-djurdjura","status":"publish","type":"post","link":"https:\/\/linitiative.ca\/International\/deux-helicopteres-bombardiers-pour-venir-a-bout-dun-incendie-au-parc-du-djurdjura\/","title":{"rendered":"Deux h\u00e9licopt\u00e8res bombardiers pour venir \u00e0 bout d&rsquo;un incendie au Parc du Djurdjura\u00a0"},"content":{"rendered":"<div>\n<div class=\"K2FeedImage\"><img decoding=\"async\" src=\"http:\/\/www.aps.dz\/media\/k2\/items\/cache\/57e42bb12d72d412ed40af6b17c1539f_S.jpg\" alt=\"Deux h\u00e9licopt\u00e8res bombardiers pour venir \u00e0 bout d'un incendie au Parc du Djurdjura\u00a0\"><\/div>\n<div class=\"K2FeedIntroText\">\n<p><strong>TIZI-OUZOU- Deux h\u00e9licopt\u00e8res bombardiers d\u2019eau sont utilis\u00e9s en renfort par la protection civile pour maitriser un incendie qui s\u2019est d\u00e9clar\u00e9 mardi dans le parc nationale du Djurdjura (PND) sur sa partie situ\u00e9 sur le territoire de la wilaya de Tizi-Ouzou, a-on appris aupr\u00e8s de la direction locale de ce corps constitu\u00e9.<\/strong><\/p>\n<\/div>\n<div class=\"K2FeedFullText\">\n<p>Ces h\u00e9licopt\u00e8res de l&rsquo;unit\u00e9 A\u00e9rienne de la protection civile interviennent sur un feu qui s\u2019est d\u00e9clar\u00e9 \u00e0 Tala Guilef, en plein c\u0153ur du PND, dans la localit\u00e9 de Boghni \u00e0 38 kilom\u00e8tres \u00e0 l\u2019extr\u00eame sud-ouest de Tizi-Ouzou, \u00e0 c\u00f4t\u00e9 d\u2019importants moyens mobilis\u00e9s par la protection civile, a-t-on ajout\u00e9 de m\u00eame source.<\/p>\n<hr>\n<p>Lire aussi:\u00a0<a href=\"http:\/\/www.aps.dz\/regions\/92322-bordj-bou-arreridj-pres-de-60-ha-de-forets-et-de-recoltes-ravages-par-les-flammes\">Bordj Bou Arreridj: pr\u00e8s de 60 ha de for\u00eats et de r\u00e9coltes ravag\u00e9s par les flammes<\/a><\/p>\n<hr>\n<p>Ces moyens a\u00e9riens op\u00e8rent depuis la fin de journ\u00e9e en appuis aux moyens terrestres mobilis\u00e9s, a savoir, une colonne mobile, les moyens des unit\u00e9s de protection civile de Ouadhias et Draa El Mizan, ainsi que les moyens de la conservation des for\u00eat, a-t-on pr\u00e9cis\u00e9.<\/p>\n<p>Selon une situation des incendies d\u00e9clar\u00e9s \u00e0 travers la Wilaya, arr\u00eat\u00e9e mardi \u00e0 16h30, il a \u00e9t\u00e9 enregistr\u00e9 un total de 23 d\u00e9parts de feux dont 9 importants, ayant touch\u00e9 les localit\u00e9s de Beni Aissi, Boghni (Tala Guilef), Ouadhias, Tigzirt, Ain El Hammam, Draa Ben Khedda.<\/p>\n<\/div>\n<\/div>\n<p>Auteur:<br \/>\n<a href=\"http:\/\/www.aps.dz\/regions\/92387-deux-helicopteres-bombardiers-pour-venir-a-bout-d-un-incendie-au-parc-national-du-djurdjura\">Cliquez ici pour lire l&rsquo;article depuis sa source.<\/a><\/p>\n","protected":false},"excerpt":{"rendered":"<p>TIZI-OUZOU- Deux h\u00e9licopt\u00e8res bombardiers d\u2019eau sont utilis\u00e9s en renfort par la protection civile pour maitriser un incendie qui s\u2019est d\u00e9clar\u00e9 mardi dans le parc nationale du Djurdjura (PND) sur sa partie situ\u00e9 sur le territoire de la wilaya de Tizi-Ouzou, a-on appris aupr\u00e8s de la direction locale de ce corps constitu\u00e9. Ces h\u00e9licopt\u00e8res de l&rsquo;unit\u00e9 [&hellip;]<\/p>\n","protected":false},"author":1790,"featured_media":48087,"comment_status":"closed","ping_status":"closed","sticky":false,"template":"","format":"standard","meta":{"fifu_image_url":"","fifu_image_alt":"","footnotes":""},"categories":[53,76],"tags":[],"class_list":["post-48086","post","type-post","status-publish","format-standard","has-post-thumbnail","hentry","category-algerie","category-regions"],"_links":{"self":[{"href":"https:\/\/linitiative.ca\/International\/wp-json\/wp\/v2\/posts\/48086","targetHints":{"allow":["GET"]}}],"collection":[{"href":"https:\/\/linitiative.ca\/International\/wp-json\/wp\/v2\/posts"}],"about":[{"href":"https:\/\/linitiative.ca\/International\/wp-json\/wp\/v2\/types\/post"}],"author":[{"embeddable":true,"href":"https:\/\/linitiative.ca\/International\/wp-json\/wp\/v2\/users\/1790"}],"replies":[{"embeddable":true,"href":"https:\/\/linitiative.ca\/International\/wp-json\/wp\/v2\/comments?post=48086"}],"version-history":[{"count":0,"href":"https:\/\/linitiative.ca\/International\/wp-json\/wp\/v2\/posts\/48086\/revisions"}],"wp:featuredmedia":[{"embeddable":true,"href":"https:\/\/linitiative.ca\/International\/wp-json\/"}],"wp:attachment":[{"href":"https:\/\/linitiative.ca\/International\/wp-json\/wp\/v2\/media?parent=48086"}],"wp:term":[{"taxonomy":"category","embeddable":true,"href":"https:\/\/linitiative.ca\/International\/wp-json\/wp\/v2\/categories?post=48086"},{"taxonomy":"post_tag","embeddable":true,"href":"https:\/\/linitiative.ca\/International\/wp-json\/wp\/v2\/tags?post=48086"}],"curies":[{"name":"wp","href":"https:\/\/api.w.org\/{rel}","templated":true}]}}