{"id":48088,"date":"2019-07-24T07:43:05","date_gmt":"2019-07-24T11:43:05","guid":{"rendered":"https:\/\/linitiative.ca\/International\/alger-affluence-de-plus-de-16-millions-destivants-sur-les-plages-depuis-louverture-de-la-saison-estivale\/"},"modified":"2019-07-24T07:43:05","modified_gmt":"2019-07-24T11:43:05","slug":"alger-affluence-de-plus-de-16-millions-destivants-sur-les-plages-depuis-louverture-de-la-saison-estivale","status":"publish","type":"post","link":"https:\/\/linitiative.ca\/International\/alger-affluence-de-plus-de-16-millions-destivants-sur-les-plages-depuis-louverture-de-la-saison-estivale\/","title":{"rendered":"Alger: affluence de plus de 1,6 millions d&rsquo;estivants sur les plages depuis l&rsquo;ouverture de la saison estivale"},"content":{"rendered":"<div>\n<div class=\"K2FeedImage\"><img decoding=\"async\" src=\"http:\/\/www.aps.dz\/media\/k2\/items\/cache\/64956997e0627297ff58f96e64e83456_S.jpg\" alt=\"Alger: affluence de plus de 1,6 millions d'estivants sur les plages depuis l'ouverture de la saison estivale\"><\/div>\n<div class=\"K2FeedIntroText\">\n<p><strong>ALGER- Les services de la Protection civile de la wilaya d&rsquo;Alger ont enregistr\u00e9 une affluence de plus de 1,6 million d&rsquo;estivants sur les plages d&rsquo;Alger depuis le d\u00e9but de juin outre le d\u00e9c\u00e8s par noyade de 5 personnes, a indiqu\u00e9 le charg\u00e9 de communication au niveau de la m\u00eame direction.<\/strong><\/p>\n<\/div>\n<div class=\"K2FeedFullText\">\n<p>Dans une d\u00e9claration \u00e0 l&rsquo;APS, lieutenant Kamel Sadak, a affirm\u00e9 que les services de la protection civile de la wilaya d&rsquo;Alger avaient enregistr\u00e9 durant la p\u00e9riode s&rsquo;\u00e9talant du 01 juin au 22 juillet en cours une affluence de 1.678.000 estivants sur les diff\u00e9rentes plages d&rsquo;Alger (62 plages autoris\u00e9es \u00e0 la baignade) outre 5 personnes d\u00e9c\u00e9d\u00e9es par noyade \u00e2g\u00e9s entre 12 et 20 ans au niveau des plages de: Roche bleue (Ain Benian), Palmier (Steouali) Kheloufi (Zeralda), Reghaia et Sidi Fredj.<\/p>\n<p>Le premier cas de noyade pour cette saison a \u00e9t\u00e9 enregistr\u00e9 le 5 juin dernier, a-t-il pr\u00e9cis\u00e9, ajoutant qu&rsquo;il s&rsquo;agit d&rsquo;un enfant de 15 ans qui a trouv\u00e9 la mort \u00e0 la Roche bleue, une plage non autoris\u00e9e \u00e0 la baignade, tandis que le deuxi\u00e8me cas a eu lieu au niveau des Palmiers (autoris\u00e9e) o\u00f9 un jeune homme de 20 ans a d\u00e9c\u00e9d\u00e9 hors horaires de surveillance.<\/p>\n<hr>\n<h3 class=\"catItemTitle\">Lire aussi:\u00a0<a href=\"http:\/\/www.aps.dz\/societe\/92193-six-morts-par-noyade-en-48-heures\">Six morts par noyade en 48 heures<\/a>\u00a0<\/h3>\n<hr>\n<p>Aussi, un jeune homme a \u00e9t\u00e9 bless\u00e9 par une machine au niveau de la plage Kettani \u00e0 Bab El Oued, lequel a \u00e9t\u00e9 hospitalis\u00e9 \u00e0 l&rsquo;h\u00f4pital Lamine Debaghine.<\/p>\n<p>Selon la m\u00eame source, le nombre d\u2019interventions des agents de la Protection civile au niveau des plages de la capitale, depuis le mois de juin jusqu&rsquo;au 22 juillet courant, pour secourir et sauver les estivants, a atteint 1528 interventions qui ont permis de sauver 438 personnes de noyade, parmi eux 313 enfants, ce qui repr\u00e9sente plus de 60% des personnes secourues. 375 individus, (hommes et femmes) et 474 enfants, ont \u00e9t\u00e9 secourus sur place tandis que 232 personnes ont \u00e9t\u00e9 transf\u00e9r\u00e9es aux centres de sant\u00e9.<\/p>\n<p>Les services de la Protection civile de la wilaya d\u2019Alger ont mobilis\u00e9, au titre de la saison estivale 2019, des \u00e9quipes d&rsquo;agents et \u00ab\u00a0tous les moyens n\u00e9cessaires\u00a0\u00bb, \u00e0 savoir des bateaux de sauvetage, des \u00e9quipes de plongeurs et des ambulances repartis au niveau des centres de surveillance des plages, outre les 960 agents saisonniers qui avaient re\u00e7u une formation sp\u00e9cialis\u00e9e dans la s\u00e9curisation des estivants, les techniques de sauvetage et d&rsquo;\u00e9vacuation sanitaire des personnes noy\u00e9es, par des sp\u00e9cialistes dans le cops de la protection civile.<\/p>\n<\/div>\n<\/div>\n<p>Auteur:<br \/>\n<a href=\"http:\/\/www.aps.dz\/regions\/92389-alger-affluence-de-plus-de-1-6-millions-d-estivants-sur-les-plages-depuis-l-ouverture-de-la-saison-estivale\">Cliquez ici pour lire l&rsquo;article depuis sa source.<\/a><\/p>\n","protected":false},"excerpt":{"rendered":"<p>ALGER- Les services de la Protection civile de la wilaya d&rsquo;Alger ont enregistr\u00e9 une affluence de plus de 1,6 million d&rsquo;estivants sur les plages d&rsquo;Alger depuis le d\u00e9but de juin outre le d\u00e9c\u00e8s par noyade de 5 personnes, a indiqu\u00e9 le charg\u00e9 de communication au niveau de la m\u00eame direction. Dans une d\u00e9claration \u00e0 l&rsquo;APS, [&hellip;]<\/p>\n","protected":false},"author":1790,"featured_media":48089,"comment_status":"closed","ping_status":"closed","sticky":false,"template":"","format":"standard","meta":{"fifu_image_url":"","fifu_image_alt":"","footnotes":""},"categories":[53,76],"tags":[],"class_list":["post-48088","post","type-post","status-publish","format-standard","has-post-thumbnail","hentry","category-algerie","category-regions"],"_links":{"self":[{"href":"https:\/\/linitiative.ca\/International\/wp-json\/wp\/v2\/posts\/48088","targetHints":{"allow":["GET"]}}],"collection":[{"href":"https:\/\/linitiative.ca\/International\/wp-json\/wp\/v2\/posts"}],"about":[{"href":"https:\/\/linitiative.ca\/International\/wp-json\/wp\/v2\/types\/post"}],"author":[{"embeddable":true,"href":"https:\/\/linitiative.ca\/International\/wp-json\/wp\/v2\/users\/1790"}],"replies":[{"embeddable":true,"href":"https:\/\/linitiative.ca\/International\/wp-json\/wp\/v2\/comments?post=48088"}],"version-history":[{"count":0,"href":"https:\/\/linitiative.ca\/International\/wp-json\/wp\/v2\/posts\/48088\/revisions"}],"wp:featuredmedia":[{"embeddable":true,"href":"https:\/\/linitiative.ca\/International\/wp-json\/"}],"wp:attachment":[{"href":"https:\/\/linitiative.ca\/International\/wp-json\/wp\/v2\/media?parent=48088"}],"wp:term":[{"taxonomy":"category","embeddable":true,"href":"https:\/\/linitiative.ca\/International\/wp-json\/wp\/v2\/categories?post=48088"},{"taxonomy":"post_tag","embeddable":true,"href":"https:\/\/linitiative.ca\/International\/wp-json\/wp\/v2\/tags?post=48088"}],"curies":[{"name":"wp","href":"https:\/\/api.w.org\/{rel}","templated":true}]}}