{"id":48094,"date":"2019-07-24T13:39:22","date_gmt":"2019-07-24T17:39:22","guid":{"rendered":"https:\/\/linitiative.ca\/International\/7e-session-du-conseil-dadministration-de-lagence-marchica\/"},"modified":"2019-07-24T13:39:22","modified_gmt":"2019-07-24T17:39:22","slug":"7e-session-du-conseil-dadministration-de-lagence-marchica","status":"publish","type":"post","link":"https:\/\/linitiative.ca\/International\/7e-session-du-conseil-dadministration-de-lagence-marchica\/","title":{"rendered":"7\u00e8 session du Conseil d\u2019administration de l\u2019Agence Marchica"},"content":{"rendered":"<div readability=\"37\">\n<p>L\u2019Agence pour l\u2019am\u00e9nagement du site de la lagune de Marchica a tenu, mardi \u00e0 Rabat, la 7\u00e8me session de son Conseil d\u2019administration sous la pr\u00e9sidence du Chef de gouvernement, Saad-Eddine El Othmani.<\/p>\n<\/div>\n<div readability=\"131\">\n<p>La r\u00e9union a constitu\u00e9 une occasion pour mettre le point sur les diff\u00e9rents travaux et r\u00e9alisations de l\u2019Agence et de ses filiales, et sur les perspectives de son action dans le cadre de son programme d\u2019investissement pour la p\u00e9riode 2014-2020, indique un communiqu\u00e9 de la pr\u00e9sidence du gouvernement.<\/p>\n<p>Le projet d\u2019am\u00e9nagement de cette lagune s\u2019inscrit dans le sillage de la vision \u00e9clair\u00e9e de SM Roi Mohammed VI pour le d\u00e9veloppement de la r\u00e9gion de l\u2019Oriental et sa qualification, pour jouer un r\u00f4le efficace dans la transformation de l\u2019espace m\u00e9diterran\u00e9en en levier de d\u00e9veloppement, a soulign\u00e9 M. El Othmani lors de cette r\u00e9union.<\/p>\n<p>Et de poursuivre que les contours de cette vision royale sont de plus en plus d\u00e9voil\u00e9s et connus pas l\u2019ensemble des citoyens \u00e0 travers des chantiers et r\u00e9alisations de taille dans cette r\u00e9gion, particuli\u00e8rement le port Nador West Med et les infrastructures connexes \u00e0 l\u2019am\u00e9nagement du port, telles que l\u2019autoroute Guercif-Nador Port et la ligne ferroviaire Taourirt-Nador Port, deux importants projets dont les travaux seront lanc\u00e9s prochainement.<\/p>\n<p>Le Chef de gouvernement a fait remarquer que l\u2019Agence pour l\u2019am\u00e9nagement du site de la lagune de Marchica a r\u00e9ussi depuis sa cr\u00e9ation \u00e0 r\u00e9aliser de nombreux projets et programmes touchant notamment aux infrastructures et aux \u00e9quipements structurants qui ont profit\u00e9 aux habitants des communes cibles, en sus du volet environnemental et la pr\u00e9servation du patrimoine naturel de la r\u00e9gion, affirmant que ces actions et ces projets ont eu des r\u00e9percussions positives sur le plan social et ont permis la cr\u00e9ation d\u2019emplois dans diff\u00e9rentes sp\u00e9cialit\u00e9s, au profit notamment des cadres et de la main-d\u2019\u0153uvre locaux.<\/p>\n<p>Il a aussi relev\u00e9 que les r\u00e9alisations de l\u2019Agence ont confort\u00e9 la confiance des habitants vis-\u00e0-vis de son projet et la participation constructive dans l\u2019acc\u00e9l\u00e9ration du rythme de sa r\u00e9alisation par le biais de la contribution active dans un cadre de communication, qui a fait de l\u2019Agence une partie int\u00e9grante du tissu social de la r\u00e9gion, exprimant, par l\u2019occasion, ses remerciements au Directeur g\u00e9n\u00e9ral de l\u2019Agence et ses cadres, aux conseils des collectivit\u00e9s territoriales, aux autorit\u00e9s locales, aux acteurs et partenaires et aux d\u00e9partements minist\u00e9riels et \u00e0 la soci\u00e9t\u00e9 civile pour leurs efforts et leurs contributions pour la r\u00e9ussite de ce chantier de l\u2019Agence.<\/p>\n<p>M. El Othmani a mis l\u2019accent par ailleurs sur le d\u00e9fi d\u2019accro\u00eetre le taux d\u2019emploi via les projets de l\u2019Agence qui sont en phase d\u2019\u00e9tude ou de r\u00e9alisation, ou encore via les projets d\u2019investissement priv\u00e9s autoris\u00e9s par l\u2019Agence dans le cadre de la gestion que lui conf\u00e8re la Loi, appelant dans ce sens \u00e0 une \u00e9valuation globale du programme de l\u2019Agence et son impact sur la population et l\u2019environnement et \u00e0 mener une r\u00e9flexion sur son avenir et le r\u00f4le qu\u2019elle va jouer dans les prochaines ann\u00e9es, apr\u00e8s la fin de la dur\u00e9e du programme d\u2019investissement 2014-2020.<\/p>\n<p>De son c\u00f4t\u00e9, le Directeur g\u00e9n\u00e9ral de l\u2019Agence, Sa\u00efd Zarrou, qui a ax\u00e9 son intervention sur les projets men\u00e9s par l\u2019Agence, a fait remarquer que le projet \u00ab\u00a0Marchica Med\u00a0\u00bb est devenu un projet \u00e0 forte vocation internationale, rappelant \u00e0 cet effet que l\u2019Agence a \u00e9t\u00e9 sollicit\u00e9e pour pr\u00e9senter son mod\u00e8le de d\u00e9veloppement et environnemental en marge de la Conf\u00e9rence internationale de haut niveau sur \u00ab\u00a0l\u2019\u00e9conomie bleue et l\u2019Agenda 2030 pour le d\u00e9veloppement durable\u00a0\u00bb organis\u00e9e par les Nations unies le 26 novembre 2018 au Kenya.<\/p>\n<p>M. Zarrou a indiqu\u00e9 que ce projet a eu des \u00e9chos favorables aupr\u00e8s des pays africains amis, en ce sens que l\u2019Etat du Niger et d\u2019autres pays ont manifest\u00e9 leur int\u00e9r\u00eat pour un partenariat avec l\u2019Agence dans le but de mener des projets de d\u00e9veloppement similaires \u00e0 ses deux projets en C\u00f4te d\u2019Ivoire (projet de sauvegarde et de valorisation de la Baie de Cocody) et \u00e0 Madagascar (Pandanales).<\/p>\n<p>Le Directeur g\u00e9n\u00e9ral de l\u2019Agence a affirm\u00e9 que le projet \u00ab\u00a0Marchica Med\u00a0\u00bb a \u00e9t\u00e9 renforc\u00e9 par l\u2019ouverture le 15 juillet courant d\u2019un h\u00f4tel haut de gamme, \u00e0 savoir \u00ab\u00a0Marchica Lagoon Resort\u00a0\u00bb qui couvre une superficie de 3,75 hectares et qui est dot\u00e9 de 93 chambres, notant que cet \u00e9tablissement h\u00f4telier de luxe est de nature \u00e0 insuffler une forte dynamique au programme touristique de l\u2019Agence et ouvre la voie au lancement de trois autres h\u00f4tels dans la Cit\u00e9 d\u2019Atalayoun.<\/p>\n<p>A l\u2019issue des travaux de cette session, le Conseil d\u2019administration a approuv\u00e9 le plan d\u2019action de l\u2019Agence et son budget au titre de l\u2019ann\u00e9e 2019, et arr\u00eat\u00e9 les comptes financiers pour les ann\u00e9es 2017-2018, en plus de l\u2019adoption de certaines conventions.<\/p>\n<p>Ont pris part \u00e0 cette r\u00e9union le ministre de l\u2019\u00c9quipement, du transport, de la logistique et de l\u2019eau, le ministre du Tourisme, du Transport a\u00e9rien, de l\u2019Artisanat et de l\u2019Economie sociale, la Secr\u00e9taire d\u2019Etat aupr\u00e8s du ministre du Tourisme, du Transport a\u00e9rien, de l\u2019Artisanat et de l\u2019Economie sociale charg\u00e9e de l\u2019Artisanat et de l\u2019\u00e9conomie sociale, la Secr\u00e9taire d\u2019Etat aupr\u00e8s du ministre l\u2019Am\u00e9nagement du Territoire national, de l\u2019Urbanisme de l\u2019Habitat et de la Politique de la Ville d\u2019Etat charg\u00e9e de l\u2019Habitat, la Secr\u00e9taire d\u2019Etat aupr\u00e8s du ministre de l\u2019\u00e9nergie, des mines et du d\u00e9veloppement durable, charg\u00e9e du d\u00e9veloppement durable, les secr\u00e9taires g\u00e9n\u00e9raux des d\u00e9partements membres du Conseil, le Wali de la r\u00e9gion de l\u2019Oriental et le gouverneur de la province de Nador.<\/p>\n<\/div>\n<p>Auteur: Soufiane ELAHMAR<br \/>\n<a href=\"http:\/\/www.mapoujda.ma\/fr\/7e-session-du-conseil-dadministration-de-lagence-marchica\/\">Cliquez ici pour lire l&rsquo;article depuis sa source.<\/a><\/p>\n","protected":false},"excerpt":{"rendered":"<p>L\u2019Agence pour l\u2019am\u00e9nagement du site de la lagune de Marchica a tenu, mardi \u00e0 Rabat, la 7\u00e8me session de son Conseil d\u2019administration sous la pr\u00e9sidence du Chef de gouvernement, Saad-Eddine El Othmani. La r\u00e9union a constitu\u00e9 une occasion pour mettre le point sur les diff\u00e9rents travaux et r\u00e9alisations de l\u2019Agence et de ses filiales, et [&hellip;]<\/p>\n","protected":false},"author":1788,"featured_media":0,"comment_status":"closed","ping_status":"closed","sticky":false,"template":"","format":"standard","meta":{"fifu_image_url":"","fifu_image_alt":"","footnotes":""},"categories":[54,76],"tags":[],"class_list":["post-48094","post","type-post","status-publish","format-standard","hentry","category-maroc","category-regions"],"_links":{"self":[{"href":"https:\/\/linitiative.ca\/International\/wp-json\/wp\/v2\/posts\/48094","targetHints":{"allow":["GET"]}}],"collection":[{"href":"https:\/\/linitiative.ca\/International\/wp-json\/wp\/v2\/posts"}],"about":[{"href":"https:\/\/linitiative.ca\/International\/wp-json\/wp\/v2\/types\/post"}],"author":[{"embeddable":true,"href":"https:\/\/linitiative.ca\/International\/wp-json\/wp\/v2\/users\/1788"}],"replies":[{"embeddable":true,"href":"https:\/\/linitiative.ca\/International\/wp-json\/wp\/v2\/comments?post=48094"}],"version-history":[{"count":0,"href":"https:\/\/linitiative.ca\/International\/wp-json\/wp\/v2\/posts\/48094\/revisions"}],"wp:attachment":[{"href":"https:\/\/linitiative.ca\/International\/wp-json\/wp\/v2\/media?parent=48094"}],"wp:term":[{"taxonomy":"category","embeddable":true,"href":"https:\/\/linitiative.ca\/International\/wp-json\/wp\/v2\/categories?post=48094"},{"taxonomy":"post_tag","embeddable":true,"href":"https:\/\/linitiative.ca\/International\/wp-json\/wp\/v2\/tags?post=48094"}],"curies":[{"name":"wp","href":"https:\/\/api.w.org\/{rel}","templated":true}]}}