{"id":48095,"date":"2019-07-24T13:48:05","date_gmt":"2019-07-24T17:48:05","guid":{"rendered":"https:\/\/linitiative.ca\/International\/7e-session-du-conseil-dadministration-de-lagence-marchica-2\/"},"modified":"2019-07-24T13:48:05","modified_gmt":"2019-07-24T17:48:05","slug":"7e-session-du-conseil-dadministration-de-lagence-marchica-2","status":"publish","type":"post","link":"https:\/\/linitiative.ca\/International\/7e-session-du-conseil-dadministration-de-lagence-marchica-2\/","title":{"rendered":"7\u00e8 session du Conseil d\u2019administration de l\u2019Agence Marchica"},"content":{"rendered":"<p><iframe loading=\"lazy\" width=\"1170\" height=\"658\" src=\"https:\/\/www.youtube.com\/embed\/4hO7aG-W3VQ?feature=oembed\" frameborder=\"0\" allow=\"accelerometer; autoplay; encrypted-media; gyroscope; picture-in-picture\" allowfullscreen=\"\">[embedded content]<\/iframe><\/p>\n<div class=\"single-post-excerpt post-excerpt-bc\" readability=\"41\">\n<p>L\u2019Agence pour l\u2019am\u00e9nagement du site de la lagune de Marchica a tenu \u00e0 Rabat, la 7\u00e8me session de son Conseil d\u2019administration sous la pr\u00e9sidence du Chef de gouvernement, Saad-Eddine El Othmani.<\/p>\n<p>La r\u00e9union a constitu\u00e9 une occasion pour mettre le point sur les diff\u00e9rents travaux et r\u00e9alisations de l\u2019Agence et de ses filiales, et sur les perspectives de son action dans le cadre de son programme d\u2019investissement pour la p\u00e9riode 2014-2020.<\/p>\n<\/div>\n<p>Auteur: Soufiane ELAHMAR<br \/>\n<a href=\"http:\/\/www.mapoujda.ma\/fr\/7e-session-du-conseil-dadministration-de-lagence-marchica-2\/\">Cliquez ici pour lire l&rsquo;article depuis sa source.<\/a><\/p>\n","protected":false},"excerpt":{"rendered":"<p>[embedded content] L\u2019Agence pour l\u2019am\u00e9nagement du site de la lagune de Marchica a tenu \u00e0 Rabat, la 7\u00e8me session de son Conseil d\u2019administration sous la pr\u00e9sidence du Chef de gouvernement, Saad-Eddine El Othmani. La r\u00e9union a constitu\u00e9 une occasion pour mettre le point sur les diff\u00e9rents travaux et r\u00e9alisations de l\u2019Agence et de ses filiales, [&hellip;]<\/p>\n","protected":false},"author":1788,"featured_media":0,"comment_status":"closed","ping_status":"closed","sticky":false,"template":"","format":"standard","meta":{"fifu_image_url":"","fifu_image_alt":"","footnotes":""},"categories":[54,76],"tags":[],"class_list":["post-48095","post","type-post","status-publish","format-standard","hentry","category-maroc","category-regions"],"_links":{"self":[{"href":"https:\/\/linitiative.ca\/International\/wp-json\/wp\/v2\/posts\/48095","targetHints":{"allow":["GET"]}}],"collection":[{"href":"https:\/\/linitiative.ca\/International\/wp-json\/wp\/v2\/posts"}],"about":[{"href":"https:\/\/linitiative.ca\/International\/wp-json\/wp\/v2\/types\/post"}],"author":[{"embeddable":true,"href":"https:\/\/linitiative.ca\/International\/wp-json\/wp\/v2\/users\/1788"}],"replies":[{"embeddable":true,"href":"https:\/\/linitiative.ca\/International\/wp-json\/wp\/v2\/comments?post=48095"}],"version-history":[{"count":0,"href":"https:\/\/linitiative.ca\/International\/wp-json\/wp\/v2\/posts\/48095\/revisions"}],"wp:attachment":[{"href":"https:\/\/linitiative.ca\/International\/wp-json\/wp\/v2\/media?parent=48095"}],"wp:term":[{"taxonomy":"category","embeddable":true,"href":"https:\/\/linitiative.ca\/International\/wp-json\/wp\/v2\/categories?post=48095"},{"taxonomy":"post_tag","embeddable":true,"href":"https:\/\/linitiative.ca\/International\/wp-json\/wp\/v2\/tags?post=48095"}],"curies":[{"name":"wp","href":"https:\/\/api.w.org\/{rel}","templated":true}]}}