{"id":48096,"date":"2019-07-24T07:45:00","date_gmt":"2019-07-24T11:45:00","guid":{"rendered":"https:\/\/linitiative.ca\/International\/taxe-gafa-la-balle-dans-le-camp-de-locde\/"},"modified":"2019-07-24T07:45:00","modified_gmt":"2019-07-24T11:45:00","slug":"taxe-gafa-la-balle-dans-le-camp-de-locde","status":"publish","type":"post","link":"https:\/\/linitiative.ca\/International\/taxe-gafa-la-balle-dans-le-camp-de-locde\/","title":{"rendered":"Taxe Gafa: La balle dans le camp de l\u2019OCDE"},"content":{"rendered":"<div readability=\"35\">\n<p>Apr\u00e8s un consensus au G7 finances, la dynamique s\u2019ins\u00adtalle<\/p>\n<p>Possible accord au G20 d\u2019ici la fin de l\u2019ann\u00e9e prochaine<\/p>\n<\/div>\n<div readability=\"92\">\n<p class=\"rtejustify\">Chacun a d\u00fb y mettre du sien. R\u00e9uni la semaine derni\u00e8re \u00e0 Chantilly au nord de Paris, les ministres des Finances des pays du G7 ont fait un pas important vers un accord mondial sur la taxation des g\u00e9ants du num\u00e9rique (dite taxe Gafa acronyme pour Google, Amazon, Face\u00adbook et Apple ou Gafam en y rajoutant Microsoft).<\/p>\n<p class=\"rtejustify\">Le consensus a \u00e9t\u00e9 pr\u00e9sent\u00e9 par la pr\u00e9sidence fran\u00e7aise comme une avan\u00adc\u00e9e, sur la taxation des activit\u00e9s des multinationales m\u00eame quand elles n\u2019ont pas de pr\u00e9sence physique dans le pays concern\u00e9.<\/p>\n<p class=\"rtejustify\">\u00abC\u2019est la premi\u00e8re fois que les Etats membres du G7 se mettent d\u2019accord sur ce principe\u00bb, s\u2019est f\u00e9licit\u00e9 le ministre fran\u00e7ais Bruno Le Maire. Son homo\u00adlogue am\u00e9ricain Steven Mnuchin a fait preuve d\u2019un enthousiasme plus mod\u00e9r\u00e9. \u00abNous avons fait des progr\u00e8s signifi\u00adcatifs, mais il reste encore du travail \u00e0 faire\u2026\u00bb, a-t-il estim\u00e9.<\/p>\n<p class=\"rtejustify\">\u00abNotre objectif va \u00eatre atteint\u00bb, a ren\u00adch\u00e9ri de son c\u00f4t\u00e9 le ministre allemand Olaf Scholz. \u00abIl y aura un accord l\u2019an prochain au sein de l\u2019OCDE qui s\u2019est effectivement donn\u00e9 jusqu\u2019\u00e0 fin 2020 pour trouver un accord international sur la taxation du num\u00e9rique\u00bb, s\u2019est-il r\u00e9joui. M\u00eame son de cloche chez les europ\u00e9ens. \u00abIl y a maintenant une vraie dynamique, qui n\u2019existait pas il y a encore quelques mois\u00bb, a r\u00e9agi le commissaire europ\u00e9en Pierre Moscovici.<\/p>\n<p class=\"rtejustify\">Le G7 Finances avait pourtant d\u00e9but\u00e9 sur fond de tension entre les Etats-Unis et la France. Ceci apr\u00e8s l\u2019ouverture par Washington d\u2019une enqu\u00eate qui pourrait d\u00e9boucher sur des repr\u00e9sailles contre Paris apr\u00e8s son approbation d\u2019une taxe sur le num\u00e9rique d\u00e8s cette ann\u00e9e. Face \u00e0 la presse, les ministres des deux pays ont reconnu des diff\u00e9rends, mais ils ont salu\u00e9 l\u2019esprit constructif de l\u2019autre partie.<\/p>\n<p class=\"rtejustify\">\u00abDu point de vue des \u00c9tats-Unis, nous avons des inqui\u00e9tudes \u00e0 propos de la France et du Royaume-Uni, qui se pr\u00e9pare \u00e9galement \u00e0 appliquer sa propre taxe\u00bb, a reconnu le secr\u00e9taire au Tr\u00e9sor am\u00e9ricain. Il s\u2019est toutefois f\u00e9licit\u00e9 que ses deux alli\u00e9s se soient d\u00e9clar\u00e9s favo\u00adrables \u00e0 une solution internationale.<\/p>\n<p class=\"rtejustify\">Les ministres ont transmis le dossier de la taxation du num\u00e9rique \u00e0 l\u2019OCDE qui devra soumettre un accord au G20 d\u2019ici la fin de l\u2019ann\u00e9e prochaine. De ce fait, les n\u00e9gociations doivent s\u2019acc\u00e9l\u00e9rer.<\/p>\n<p class=\"rtejustify\">Le G7 Finances s\u2019est aussi entendu pour instaurer une taxation minimale \u00e0 l\u2019imp\u00f4t sur les soci\u00e9t\u00e9s. Objectif: limiter la concurrence fiscale entre les pays pour attirer les si\u00e8ges des multinationales, a expliqu\u00e9 Bruno Le Maire. Ils n\u2019ont toute\u00adfois pas fix\u00e9 de taux plancher pour l\u2019ins\u00adtant.<\/p>\n<blockquote readability=\"15\">\n<p class=\"rtecenter\"><strong><span class=\"c6\">Les risques associ\u00e9s aux cryptomonnaies<\/span><\/strong><\/p>\n<div class=\"dnd-atom-wrapper type-image context-sdl_editor_representation atom-align-right\" contenteditable=\"false\">\n<div class=\"dnd-drop-wrapper image\"><img loading=\"lazy\" decoding=\"async\" typeof=\"foaf:Image\" class=\"img-responsive\" src=\"https:\/\/www.leconomiste.com\/sites\/default\/files\/eco7\/public\/thumbnails\/image\/taxe_gafa_062.jpg\" width=\"150\" height=\"190\" alt=\"taxe_gafa_062.jpg\" title=\"taxe_gafa_062.jpg\"\/><\/div>\n<\/div>\n<p class=\"rtejustify\">Sur un autre registre, les grands argentiers ont alert\u00e9 sur les risques pour le syst\u00e8me financier interna\u00adtional des projets de crypto\u00admonnaies, comme le Libra annonc\u00e9 par Facebook. Ils s\u2019\u00e9taient mis d\u2019accord pour agir rapidement. Apr\u00e8s ce G7 Finances, les ONG sont rest\u00e9es sur leur faim. \u00abLes engagements ne r\u00e9pondent pas \u00e0 l\u2019imp\u00e9ratif de lutte contre les in\u00e9galit\u00e9s et pr\u00e9\u00adsentent un s\u00e9rieux risque que les r\u00e8gles financi\u00e8res continuent \u00e0 b\u00e9n\u00e9ficier aux pays riches\u00bb, a regret\u00adt\u00e9 Oxfam. \u00abTout reste \u00e0 construire pour un syst\u00e8me fiscal adapt\u00e9 et une vraie lutte contre l\u2019\u00e9vasion fiscale qui ne b\u00e9n\u00e9ficie pas qu\u2019aux Etats les plus riches\u00bb, a r\u00e9agi sur Twitter CCFD-Terre solidaire.<\/p>\n<\/blockquote>\n<p class=\"rtejustify\"><em>F. Z. T. avec agences<\/em><\/p>\n<\/div>\n<p>Auteur: hlafriqi<br \/>\n<a href=\"https:\/\/www.leconomiste.com\/article\/1048160-taxe-gafa-la-balle-dans-le-camp-de-l-ocde\">Cliquez ici pour lire l&rsquo;article depuis sa source.<\/a><\/p>\n","protected":false},"excerpt":{"rendered":"<p>Apr\u00e8s un consensus au G7 finances, la dynamique s\u2019ins\u00adtalle Possible accord au G20 d\u2019ici la fin de l\u2019ann\u00e9e prochaine Chacun a d\u00fb y mettre du sien. R\u00e9uni la semaine derni\u00e8re \u00e0 Chantilly au nord de Paris, les ministres des Finances des pays du G7 ont fait un pas important vers un accord mondial sur la [&hellip;]<\/p>\n","protected":false},"author":1763,"featured_media":48097,"comment_status":"closed","ping_status":"closed","sticky":false,"template":"","format":"standard","meta":{"fifu_image_url":"","fifu_image_alt":"","footnotes":""},"categories":[78,54],"tags":[],"class_list":["post-48096","post","type-post","status-publish","format-standard","has-post-thumbnail","hentry","category-economie","category-maroc"],"_links":{"self":[{"href":"https:\/\/linitiative.ca\/International\/wp-json\/wp\/v2\/posts\/48096","targetHints":{"allow":["GET"]}}],"collection":[{"href":"https:\/\/linitiative.ca\/International\/wp-json\/wp\/v2\/posts"}],"about":[{"href":"https:\/\/linitiative.ca\/International\/wp-json\/wp\/v2\/types\/post"}],"author":[{"embeddable":true,"href":"https:\/\/linitiative.ca\/International\/wp-json\/wp\/v2\/users\/1763"}],"replies":[{"embeddable":true,"href":"https:\/\/linitiative.ca\/International\/wp-json\/wp\/v2\/comments?post=48096"}],"version-history":[{"count":0,"href":"https:\/\/linitiative.ca\/International\/wp-json\/wp\/v2\/posts\/48096\/revisions"}],"wp:featuredmedia":[{"embeddable":true,"href":"https:\/\/linitiative.ca\/International\/wp-json\/"}],"wp:attachment":[{"href":"https:\/\/linitiative.ca\/International\/wp-json\/wp\/v2\/media?parent=48096"}],"wp:term":[{"taxonomy":"category","embeddable":true,"href":"https:\/\/linitiative.ca\/International\/wp-json\/wp\/v2\/categories?post=48096"},{"taxonomy":"post_tag","embeddable":true,"href":"https:\/\/linitiative.ca\/International\/wp-json\/wp\/v2\/tags?post=48096"}],"curies":[{"name":"wp","href":"https:\/\/api.w.org\/{rel}","templated":true}]}}