{"id":48100,"date":"2019-07-24T15:14:25","date_gmt":"2019-07-24T19:14:25","guid":{"rendered":"https:\/\/linitiative.ca\/International\/ligue-1-2-mca-hachoud-je-me-suis-desiste-du-brassard-pour-des-raisons-personnelles\/"},"modified":"2019-07-24T15:14:25","modified_gmt":"2019-07-24T19:14:25","slug":"ligue-1-2-mca-hachoud-je-me-suis-desiste-du-brassard-pour-des-raisons-personnelles","status":"publish","type":"post","link":"https:\/\/linitiative.ca\/International\/ligue-1-2-mca-hachoud-je-me-suis-desiste-du-brassard-pour-des-raisons-personnelles\/","title":{"rendered":"Ligue 1 &amp; 2 : MCA &#8211; Hachoud: \u00abJe me suis d\u00e9sist\u00e9 du brassard pour des raisons personnelles\u00bb"},"content":{"rendered":"<div readability=\"32\">\n<p>Auteur : <span>Kamel M.<\/span> <span class=\"time\">mercredi 24 juillet 2019 13:31<\/span><\/p>\n<\/div>\n<div id=\"post_core\" readability=\"59\">\n<p><strong>Apr\u00e8s de longues saisons, vous avez d\u00e9cid\u00e9 de vous d\u00e9sister du brassard de capitaine d\u2019\u00e9quipe, peut-on connaitre les v\u00e9ritables raisons qui vous ont pouss\u00e9 \u00e0 prendre cette d\u00e9cision ?<\/strong><br \/>Effectivement, je me suis d\u00e9sist\u00e9 du capitanat de mon plein gr\u00e9, mais je vais aider tout de m\u00eame mes co\u00e9quipiers en leur prodigant les conseils n\u00e9cessaires, notamment les jeunes parmi eux. Pour revenir \u00e0 votre question, je peux vous dire que ce sont des raisons personnelles qui m\u2019ont pouss\u00e9 \u00e0 prendre cette d\u00e9cision.<br \/><strong>Est-ce le fait d\u2019\u00eatre toujours point\u00e9 du doigt\u00a0 a pr\u00e9cipit\u00e9 votre d\u00e9cision, car les anciens joueurs sont toujours confront\u00e9s \u00e0 cette situation \u00e0 chaque fois qu\u2019il y a un probl\u00e8me ?<\/strong><br \/>Je pense que depuis des ann\u00e9es les anciens capitaines ont toujours \u00e9t\u00e9 soumis \u00e0 une forte pression, \u00e0 l\u2019image de Babouche, Bougu\u00e8che et Besseghir, au point que certains parlent de choses graves\u00a0 concernant le capitaine d\u2019\u00e9quipe, ce qui n\u2019est pas normal, car le capitaine d\u2019\u00e9quipe est l\u00e0 pour aider l\u2019\u00e9quipe et non le contraire.<br \/><strong>Ce que vous avez v\u00e9cu comme pression vous a donc\u00a0 affect\u00e9&#8230;<\/strong><br \/>Il est \u00e9vident que l\u2019on soit affect\u00e9 lorsqu\u2019on est accus\u00e9 \u00e0 tort, mais je m\u2019en remets \u00e0 Dieu.<br \/><strong>Maintenant que le brassard du capitanat sera port\u00e9 par Bendebka, pensez-vous qu\u2019il est en mesure d\u2019assumer cette responsabilit\u00e9 ?<\/strong><br \/>Une r\u00e9union a \u00e9t\u00e9 faite entre nous les joueurs en pr\u00e9sence du coach et on a pris la d\u00e9cision \u00e0 l\u2019unanimit\u00e9 \u00e0 ce que Bendebka soit le nouveau capitaine d\u2019\u00e9quipe, et il a les qualit\u00e9s pour assumer pleinement son r\u00f4le. Nous les cadres de l\u2019\u00e9quipe \u00e0 l\u2019image de Nekkache, Ch\u00e2al, et\u00a0 Djabou, nous n\u2019avons qu\u2019\u00e0 l\u2019aider dans cette t\u00e2che et cela pour le bien de l\u2019\u00e9quipe. Bendebka a une forte personnalit\u00e9 mais aussi de la qualit\u00e9 et relativement \u00e0 ses performances de la saison pass\u00e9e, il m\u00e9ritait m\u00eame une chance en s\u00e9lection nationale. \u00a0<br \/><strong>Si on revenait \u00e0 l\u2019\u00e9quipe. Les supporters attendent beaucoup de vous cette saison\u2026<\/strong><br \/>Je pense qu\u2019on s\u2019est renforc\u00e9s avec de bons joueurs qui ne sont plus \u00e0 pr\u00e9senter \u00e0 l\u2019image de Djabou, Allati et Belkhir et il y aura aussi le retour de Mebarakou. A mon avis, on a un effectif assez riche qui nous permettra de r\u00e9aliser les objectifs trac\u00e9s. Je tiens aussi \u00e0 dire aux supporters de ne pas tomber dans le pi\u00e8ge de la rumeur de la saison pass\u00e9e et dire qu\u2019il y a des clans dans l\u2019\u00e9quipe, car je vous jure que nous avons des joueurs de bonne famille et on forme un groupe\u00a0 soud\u00e9. Vous n\u2019avez qu\u2019\u00e0 voir le bon \u00e9tat d\u2019esprit qui r\u00e8gne dans ce stage en Pologne et aussi en Tunisie pour se rendre compte que le groupe fera l\u2019une de nos forces la saison prochaine. \u00a0<\/p>\n<p><strong>Publi\u00e9 dans :<\/strong> <span>mca<\/span> <span>hachoud<\/span> <span>Mebarakou<\/span><\/p>\n<\/div>\n<p>Auteur:<br \/>\n<a href=\"http:\/\/www.lebuteur.com\/article\/detail?titre=mca-hachoud-je-me-suis-desiste-du-brassard-pour-des-raisons-personnelles&#038;id=90632&#038;utm_source=feedburner&#038;utm_medium=feed&#038;utm_campaign=Feed%3A+GalerieFArtciles+%28Les+derniers+articles++-+lebuteur.com%29\">Cliquez ici pour lire l&rsquo;article depuis sa source.<\/a><\/p>\n","protected":false},"excerpt":{"rendered":"<p>Auteur : Kamel M. mercredi 24 juillet 2019 13:31 Apr\u00e8s de longues saisons, vous avez d\u00e9cid\u00e9 de vous d\u00e9sister du brassard de capitaine d\u2019\u00e9quipe, peut-on connaitre les v\u00e9ritables raisons qui vous ont pouss\u00e9 \u00e0 prendre cette d\u00e9cision ?Effectivement, je me suis d\u00e9sist\u00e9 du capitanat de mon plein gr\u00e9, mais je vais aider tout de m\u00eame [&hellip;]<\/p>\n","protected":false},"author":1738,"featured_media":48101,"comment_status":"closed","ping_status":"closed","sticky":false,"template":"","format":"standard","meta":{"fifu_image_url":"","fifu_image_alt":"","footnotes":""},"categories":[53,75],"tags":[],"class_list":["post-48100","post","type-post","status-publish","format-standard","has-post-thumbnail","hentry","category-algerie","category-sport"],"_links":{"self":[{"href":"https:\/\/linitiative.ca\/International\/wp-json\/wp\/v2\/posts\/48100","targetHints":{"allow":["GET"]}}],"collection":[{"href":"https:\/\/linitiative.ca\/International\/wp-json\/wp\/v2\/posts"}],"about":[{"href":"https:\/\/linitiative.ca\/International\/wp-json\/wp\/v2\/types\/post"}],"author":[{"embeddable":true,"href":"https:\/\/linitiative.ca\/International\/wp-json\/wp\/v2\/users\/1738"}],"replies":[{"embeddable":true,"href":"https:\/\/linitiative.ca\/International\/wp-json\/wp\/v2\/comments?post=48100"}],"version-history":[{"count":0,"href":"https:\/\/linitiative.ca\/International\/wp-json\/wp\/v2\/posts\/48100\/revisions"}],"wp:featuredmedia":[{"embeddable":true,"href":"https:\/\/linitiative.ca\/International\/wp-json\/"}],"wp:attachment":[{"href":"https:\/\/linitiative.ca\/International\/wp-json\/wp\/v2\/media?parent=48100"}],"wp:term":[{"taxonomy":"category","embeddable":true,"href":"https:\/\/linitiative.ca\/International\/wp-json\/wp\/v2\/categories?post=48100"},{"taxonomy":"post_tag","embeddable":true,"href":"https:\/\/linitiative.ca\/International\/wp-json\/wp\/v2\/tags?post=48100"}],"curies":[{"name":"wp","href":"https:\/\/api.w.org\/{rel}","templated":true}]}}