{"id":48102,"date":"2019-07-24T15:14:26","date_gmt":"2019-07-24T19:14:26","guid":{"rendered":"https:\/\/linitiative.ca\/International\/ligue-1-2-mca-casoni-cest-penalisant-pour-le-mca-davoir-cinq-a-six-joueurs-qui-manquent-en-pologne\/"},"modified":"2019-07-24T15:14:26","modified_gmt":"2019-07-24T19:14:26","slug":"ligue-1-2-mca-casoni-cest-penalisant-pour-le-mca-davoir-cinq-a-six-joueurs-qui-manquent-en-pologne","status":"publish","type":"post","link":"https:\/\/linitiative.ca\/International\/ligue-1-2-mca-casoni-cest-penalisant-pour-le-mca-davoir-cinq-a-six-joueurs-qui-manquent-en-pologne\/","title":{"rendered":"Ligue 1 &amp; 2 : MCA &#8211; Casoni: \u00abC\u2019est p\u00e9nalisant pour le MCA d\u2019avoir cinq \u00e0 six joueurs qui manquent en Pologne\u00bb"},"content":{"rendered":"<div readability=\"32\">\n<p>Auteur : <span>Kamel M.<\/span> <span class=\"time\">mercredi 24 juillet 2019 13:31<\/span><\/p>\n<\/div>\n<div id=\"post_core\" readability=\"126\">\n<p>Apr\u00e8s quatre jours de stage de pr\u00e9paration en Pologne, le technicien fran\u00e7ais connu pour son franc-parler, regrette le fait qu\u2019il ne dispose pas actuellement de tout son effectif et estime que cette situation p\u00e9nalisera l\u2019\u00e9quipe. Une situation \u00e0 laquelle il ne s\u2019attendait pas, au moment o\u00f9 tous les moyens de travail sont disponibles \u00e0 Lubine. \u00ab Apr\u00e8s quatre jours de stage, et comme vous le constatez, nous avons r\u00e9cup\u00e9r\u00e9 certains joueurs \u00e0 l\u2019image de Bourdim qui avait un probl\u00e8me de papiers, mais je pense que \u00e7a reste insuffisant, lorsqu\u2019on a encore cinq \u00e0 six joueurs qui manquent toujours et cela est p\u00e9nalisant pour l\u2019\u00e9quipe. C\u2019est tr\u00e8s important d\u2019avoir l\u2019ensemble des joueurs sous votre coupe en pleine pr\u00e9paration, afin de r\u00e9aliser le travail souhait\u00e9 et que tout le monde soit au m\u00eame niveau \u00bb dira Casoni.<\/p>\n<p><strong>\u00abOn\u00a0 est pass\u00e9s au plan B dans le recrutement sans que je sois averti et cela ne me plait pas trop\u00bb<\/strong><br \/>En abordant l\u2019op\u00e9ration\u00a0 recrutement, l\u00e0 aussi le coach du Mouloudia n\u2019a pas\u00a0 appr\u00e9ci\u00e9 le fait que les responsables du club passent au plan B, alors qu\u2019il y avait des priorit\u00e9s, \u00e0 ce sujet il nous dira : \u00ab\u00a0 Pour le recrutement\u00a0 je pense qu\u2019on a suivi \u00e0 la lettre ce qu\u2019on voulait faire \u00e0 part le recrutement de Harrag qui \u00e9tait dans le plan B. On est donc pass\u00e9s au second plan avant d\u2019achever le premier, Alors\u00a0 qu\u2019il fallait rester sur ce qui a \u00e9t\u00e9 convenu. \u00bb\u00a0 \u00ab Ce qui m\u2019a chagrin\u00e9, c\u2019est le fait qu\u2019on est partis sur de bonnes\u00a0 bases, mais on s\u2019est pr\u00e9cipit\u00e9s sur ce coup, car il y avait des priorit\u00e9s dans le recrutement dans le plan A, et on est pass\u00e9s au plan B sans que je ne sois averti. C\u2019est quelque chose qui ne me plait pas trop. \u00bb<\/p>\n<p><strong>\u00abCe n\u2019est pas normal que le recrutement de Bekale prenne tant de temps, car il est \u00e0 Alger depuis dix jours\u00bb<\/strong><br \/>Toujours dans le recrutement, et en \u00e9voquant le cas du milieu de terrain gabonais, Bekale, qu\u2019il tient \u00e0 avoir dans son effectif, l\u00e0 aussi Casoni n\u2019arrive pas \u00e0 comprendre les raisons de ce retard\u00a0\u00a0 : \u00ab\u00a0 Je pense que le recrutement de Bekale a pris beaucoup de temps, ce qui n\u2019est pas normal, car il est \u00e0 Alger depuis dix jours et on devait en principe conclure son transfert dans deux \u00e0 trois jours. On a donc perdu assez de temps, mais je ne connais pas les raisons de ce retard\u00a0\u00a0 du fait que je ne suis pas \u00e0 Alger. C\u2019est vraiment dommage que Bekale soit \u00e0 Alger depuis une dizaine de jours sans qu\u2019il\u00a0 puisse s\u2019entrainer, et ce n\u2019est pas facile de rattraper ce temps perdu.\u00a0 \u00bb \u00a0<\/p>\n<p><strong>\u00abAvec un groupe amoindri, on a perdu du temps dans le travail sur tous les aspects de la pr\u00e9paration\u00a0 et ce n\u2019est pas un point positif pour l\u2019\u00e9quipe en d\u00e9but de saison\u00bb<\/strong><br \/>En parlant des r\u00e9percussions du retard accus\u00e9, pour avoir tout le groupe sous sa coupe, en \u00e9tant dans l\u2019obligation de se pr\u00e9parer avec une d\u00e9fense et un milieu du terrain amoindris, Casoni dira : \u00ab\u00a0 Lorsqu\u2019on fait\u00a0 une pr\u00e9paration de cinq \u00e0 six semaines, cela est loin de relever du hasard, car il y a des raisons bien claires pour ce choix et vous savez bien que le championnat reprendra dans trois semaines. On \u00e9tait bien partis pour avoir au moins l\u2019effectif au complet pour la seconde phase de pr\u00e9paration en Pologne, mais on se retrouve dans une situation \u00e0 laquelle on ne s\u2019attendait pas et ce sont\u00a0 des points en moins et c\u2019est\u00a0\u00a0 p\u00e9nalisant. On a perdu du temps pour\u00a0 la pr\u00e9paration des joueurs,\u00a0 que cela soit\u00a0 sur\u00a0 l\u2019aspect\u00a0 physique, tactique et pour\u00a0 mettre en \u0153uvre notre plan de jeu.\u00a0 Sur la premi\u00e8re ann\u00e9e au Mouloudia,\u00a0 \u00e7a nous a pris trois \u00e0 quatre mois pour mettre en place notre plan de jeu et on aurait aim\u00e9 cette fois\u00a0 avoir tout l\u2019effectif sous notre coupe afin de r\u00e9aliser le travail souhait\u00e9 en temps voulu, malheureusement ce n\u2019est pas le cas pour nous.\u00a0\u00a0 Ce ne sont pas des points positifs pour ce d\u00e9but de saison, mais on fera de notre mieux pour se rattraper. \u00bb<\/p>\n<p><strong>\u00ab\u00c7a prend du temps pour remettre en forme les joueurs qui \u00e9taient \u00e0 l\u2019arr\u00eat et ce sont les mieux pr\u00e9par\u00e9s qui joueront en d\u00e9but de saison\u00bb<\/strong><br \/>A travers les d\u00e9clarations du technicien fran\u00e7ais\u00a0 et tout en connaissant sa m\u00e9thode de travail, il ne faut pas s\u2019\u00e9tonner que des joueurs qui ont des noms parmi l\u2019effectif, se retrouvent sur le banc en d\u00e9but de saison, du fait qu\u2019ils accusent du retard en mati\u00e8re de pr\u00e9paration. A ce sujet Casoni nous a confi\u00e9 : \u00ab Quand on a des joueurs qui sont \u00e0 l\u2019arr\u00eat\u00a0 depuis deux \u00e0 quatre\u00a0\u00a0 mois, \u00e7a prend\u00a0 du temps pour les bien pr\u00e9parer. Dans notre\u00a0 mode de fonctionnement et\u00a0 avant de pouvoir\u00a0 rentrer sur le terrain et \u00eatre titulaire,\u00a0 il y a des \u00e9tapes \u00e0 passer, et on ne peut faire titulariser un joueur qui n\u2019est pas en forme. Quel que soit le joueur, il ne peut en aucun cas\u00a0 prendre sa place sur le terrain s\u2019il n\u2019est pas pr\u00eat. Tout ce que je peux dire c\u2019est que ce sont les joueurs les mieux en forme\u00a0 qui joueront en d\u00e9but de saison.\u00a0\u00a0 \u00bb<\/p>\n<p><strong>\u00abSi on fait jouer un \u00e9l\u00e9ment qui manque de pr\u00e9paration, il connaitra une baisse de<\/strong> <strong>r\u00e9gime apr\u00e8s trois matchs et il risque d\u2019\u00eatre bless\u00e9\u00bb<\/strong><br \/>Toujours dans le m\u00eame sens le technicien fran\u00e7ais dira :\u00a0 \u00ab Contrairement \u00e0 la premi\u00e8re fois, il y a des joueurs qui connaissent notre m\u00e9thode de travail et cela nous facilite la t\u00e2che un peu, mais il y a le niveau athl\u00e9tique\u00a0 des nouveaux qui vont arriver et\u00a0 tout cela nous pose un peu de probl\u00e8mes. Si on fait jouer un \u00e9l\u00e9ment qui manque de pr\u00e9paration il connaitra une baisse de r\u00e9gime apr\u00e8s trois matches et il risque d\u2019\u00eatre bless\u00e9. \u00bb<\/p>\n<p><strong>\u00abOn ne peut remettre en forme un joueur qui est depuis longtemps \u00e0 l\u2019arr\u00eat en trois semaines<\/strong><br \/>seulement et on avait la possibilit\u00e9 de mieux faire\u00bb<br \/>Tout en se montrant optimiste, le technicien fran\u00e7ais ne peut cacher le soleil avec un tamis et affirme : \u00ab\u00a0 C\u2019est math\u00e9matique et physiologique, on ne peut remettre en forme en trois semaines, un joueur qui \u00e9tait \u00e0 l\u2019arr\u00eat depuis longtemps. Il y un bon \u00e9tat d\u2019esprit dans le groupe, un cadre id\u00e9al de travail et c\u2019est vraiment dommage qu\u2019on se retrouve dans cette situation, car on avait la possibilit\u00e9 de mieux faire. Toutefois je dirai que ce n\u2019est pas facile d\u2019avoir \u00e0 temps les lettres de sortie des joueurs engag\u00e9s et cela est valable pour plusieurs \u00e9quipes qui sont dans la m\u00eame situation que nous. \u00bb<\/p>\n<p><strong>\u00abOn essayera de faire de notre mieux pour\u00a0 faire face \u00e0 cette situation\u00bb<\/strong><br \/>\u00ab\u00a0 Malgr\u00e9 tous ces al\u00e9as, on est en train de faire de notre mieux pour\u00a0 faire face \u00e0 cette situation et tenter de pr\u00e9parer l\u2019\u00e9quipe afin qu\u2019on puisse aborder le championnat de belle mani\u00e8re, m\u00eame si les choses ne seront pas faciles \u00bb conclut Casoni.<\/p>\n<p><strong>Publi\u00e9 dans :<\/strong> <span>mca<\/span> <span>Bourdim<\/span> <span>Casoni<\/span><\/p>\n<\/div>\n<p>Auteur:<br \/>\n<a href=\"http:\/\/www.lebuteur.com\/article\/detail?titre=mca-casoni-cest-penalisant-pour-le-mca-davoir-cinq-a-six-joueurs-qui-manquent-en-pologne&#038;id=90631&#038;utm_source=feedburner&#038;utm_medium=feed&#038;utm_campaign=Feed%3A+GalerieFArtciles+%28Les+derniers+articles++-+lebuteur.com%29\">Cliquez ici pour lire l&rsquo;article depuis sa source.<\/a><\/p>\n","protected":false},"excerpt":{"rendered":"<p>Auteur : Kamel M. mercredi 24 juillet 2019 13:31 Apr\u00e8s quatre jours de stage de pr\u00e9paration en Pologne, le technicien fran\u00e7ais connu pour son franc-parler, regrette le fait qu\u2019il ne dispose pas actuellement de tout son effectif et estime que cette situation p\u00e9nalisera l\u2019\u00e9quipe. Une situation \u00e0 laquelle il ne s\u2019attendait pas, au moment o\u00f9 [&hellip;]<\/p>\n","protected":false},"author":1738,"featured_media":48103,"comment_status":"closed","ping_status":"closed","sticky":false,"template":"","format":"standard","meta":{"fifu_image_url":"","fifu_image_alt":"","footnotes":""},"categories":[53,75],"tags":[],"class_list":["post-48102","post","type-post","status-publish","format-standard","has-post-thumbnail","hentry","category-algerie","category-sport"],"_links":{"self":[{"href":"https:\/\/linitiative.ca\/International\/wp-json\/wp\/v2\/posts\/48102","targetHints":{"allow":["GET"]}}],"collection":[{"href":"https:\/\/linitiative.ca\/International\/wp-json\/wp\/v2\/posts"}],"about":[{"href":"https:\/\/linitiative.ca\/International\/wp-json\/wp\/v2\/types\/post"}],"author":[{"embeddable":true,"href":"https:\/\/linitiative.ca\/International\/wp-json\/wp\/v2\/users\/1738"}],"replies":[{"embeddable":true,"href":"https:\/\/linitiative.ca\/International\/wp-json\/wp\/v2\/comments?post=48102"}],"version-history":[{"count":0,"href":"https:\/\/linitiative.ca\/International\/wp-json\/wp\/v2\/posts\/48102\/revisions"}],"wp:featuredmedia":[{"embeddable":true,"href":"https:\/\/linitiative.ca\/International\/wp-json\/"}],"wp:attachment":[{"href":"https:\/\/linitiative.ca\/International\/wp-json\/wp\/v2\/media?parent=48102"}],"wp:term":[{"taxonomy":"category","embeddable":true,"href":"https:\/\/linitiative.ca\/International\/wp-json\/wp\/v2\/categories?post=48102"},{"taxonomy":"post_tag","embeddable":true,"href":"https:\/\/linitiative.ca\/International\/wp-json\/wp\/v2\/tags?post=48102"}],"curies":[{"name":"wp","href":"https:\/\/api.w.org\/{rel}","templated":true}]}}