{"id":48104,"date":"2019-07-24T15:14:27","date_gmt":"2019-07-24T19:14:27","guid":{"rendered":"https:\/\/linitiative.ca\/International\/ligue-1-2-mca-rebiai-sest-engage-hier-pour-3-ans\/"},"modified":"2019-07-24T15:14:27","modified_gmt":"2019-07-24T19:14:27","slug":"ligue-1-2-mca-rebiai-sest-engage-hier-pour-3-ans","status":"publish","type":"post","link":"https:\/\/linitiative.ca\/International\/ligue-1-2-mca-rebiai-sest-engage-hier-pour-3-ans\/","title":{"rendered":"Ligue 1 &amp; 2 : MCA : Rebia\u00ef s\u2019est engag\u00e9 hier pour 3 ans"},"content":{"rendered":"<div readability=\"32\">\n<p>Auteur : <span>T. Che<\/span> <span class=\"time\">mercredi 24 juillet 2019 13:31<\/span><\/p>\n<\/div>\n<div id=\"post_core\" readability=\"59\">\n<p>Depuis quelques jours, le Mouloudia avait insist\u00e9 pour faire venir Miloud Rebia\u00ef. C\u2019\u00e9tait devenu m\u00eame une priorit\u00e9 du club alg\u00e9rois sur demande de Casoni qui le voulait \u00e0 tout prix. C\u2019est d\u00e9sormais chose faite puisque le d\u00e9fenseur de l\u2019ESS s\u2019est engag\u00e9 hier pour 3 ans au profit du Doyen. C\u2019est en pr\u00e9sence de Fouad Sakhri, le directeur g\u00e9n\u00e9ral du club, que la transaction a pu se mat\u00e9rialiser.<\/p>\n<p><strong>Miloud a pass\u00e9 hier matin la visite m\u00e9dicale<\/strong><br \/>Apr\u00e8s avoir trouv\u00e9 un accord avant-hier avec la direction du Mouloudia, Miloud Rebia\u00ef a pass\u00e9 la visit\u00e9 m\u00e9dicale au CNMS, quelques heures avant la signature du contrat.<\/p>\n<p><strong>La nouvelle recrue portera le num\u00e9ro 18 et d\u00e9butera aujourd\u2019hui le travail avec la r\u00e9serve<\/strong><br \/>La derni\u00e8re trouvaille mouloud\u00e9enne a d\u00e9cid\u00e9 de porter le num\u00e9ro 18, puisque le 25 est d\u00e9j\u00e0 mis par Bendebka. Par ailleurs, Rebia\u00ef s\u2019entra\u00eenera aujourd\u2019hui avec la r\u00e9serve \u00e0 l\u2019annexe du 5-Juillet en attendant de rejoindre ses partenaires en Pologne.<\/p>\n<p><strong>Ne disposant pas d\u2019un visa, le joueur pourrait manquer le stage de Pologne<\/strong><br \/>C\u2019est aujourd\u2019hui que la direction du Mouloudia devrait d\u00e9poser le dossier de Rebia\u00ef afin qu\u2019il puisse obtenir un visa Schengen. Il est possible que le joueur manque le stage de Pologne car l\u2019obtention d\u2019un visa risque de prendre du temps.\u00a0\u00a0<\/p>\n<p><strong>Publi\u00e9 dans :<\/strong> <span>mca<\/span> <span>Rebiai<\/span><\/p>\n<\/div>\n<p>Auteur:<br \/>\n<a href=\"http:\/\/www.lebuteur.com\/article\/detail?titre=mca-rebiai-sest-engage-hier-pour-3-ans&#038;id=90630&#038;utm_source=feedburner&#038;utm_medium=feed&#038;utm_campaign=Feed%3A+GalerieFArtciles+%28Les+derniers+articles++-+lebuteur.com%29\">Cliquez ici pour lire l&rsquo;article depuis sa source.<\/a><\/p>\n","protected":false},"excerpt":{"rendered":"<p>Auteur : T. Che mercredi 24 juillet 2019 13:31 Depuis quelques jours, le Mouloudia avait insist\u00e9 pour faire venir Miloud Rebia\u00ef. C\u2019\u00e9tait devenu m\u00eame une priorit\u00e9 du club alg\u00e9rois sur demande de Casoni qui le voulait \u00e0 tout prix. C\u2019est d\u00e9sormais chose faite puisque le d\u00e9fenseur de l\u2019ESS s\u2019est engag\u00e9 hier pour 3 ans au [&hellip;]<\/p>\n","protected":false},"author":1738,"featured_media":48105,"comment_status":"closed","ping_status":"closed","sticky":false,"template":"","format":"standard","meta":{"fifu_image_url":"","fifu_image_alt":"","footnotes":""},"categories":[53,75],"tags":[],"class_list":["post-48104","post","type-post","status-publish","format-standard","has-post-thumbnail","hentry","category-algerie","category-sport"],"_links":{"self":[{"href":"https:\/\/linitiative.ca\/International\/wp-json\/wp\/v2\/posts\/48104","targetHints":{"allow":["GET"]}}],"collection":[{"href":"https:\/\/linitiative.ca\/International\/wp-json\/wp\/v2\/posts"}],"about":[{"href":"https:\/\/linitiative.ca\/International\/wp-json\/wp\/v2\/types\/post"}],"author":[{"embeddable":true,"href":"https:\/\/linitiative.ca\/International\/wp-json\/wp\/v2\/users\/1738"}],"replies":[{"embeddable":true,"href":"https:\/\/linitiative.ca\/International\/wp-json\/wp\/v2\/comments?post=48104"}],"version-history":[{"count":0,"href":"https:\/\/linitiative.ca\/International\/wp-json\/wp\/v2\/posts\/48104\/revisions"}],"wp:featuredmedia":[{"embeddable":true,"href":"https:\/\/linitiative.ca\/International\/wp-json\/"}],"wp:attachment":[{"href":"https:\/\/linitiative.ca\/International\/wp-json\/wp\/v2\/media?parent=48104"}],"wp:term":[{"taxonomy":"category","embeddable":true,"href":"https:\/\/linitiative.ca\/International\/wp-json\/wp\/v2\/categories?post=48104"},{"taxonomy":"post_tag","embeddable":true,"href":"https:\/\/linitiative.ca\/International\/wp-json\/wp\/v2\/tags?post=48104"}],"curies":[{"name":"wp","href":"https:\/\/api.w.org\/{rel}","templated":true}]}}