{"id":48106,"date":"2019-07-24T15:14:28","date_gmt":"2019-07-24T19:14:28","guid":{"rendered":"https:\/\/linitiative.ca\/International\/equipe-dalgerie-andy-delort-se-confie-sur-la-consecration-des-verts-a-la-can\/"},"modified":"2019-07-24T15:14:28","modified_gmt":"2019-07-24T19:14:28","slug":"equipe-dalgerie-andy-delort-se-confie-sur-la-consecration-des-verts-a-la-can","status":"publish","type":"post","link":"https:\/\/linitiative.ca\/International\/equipe-dalgerie-andy-delort-se-confie-sur-la-consecration-des-verts-a-la-can\/","title":{"rendered":"Equipe d&rsquo;Alg\u00e9rie : Andy Delort se confie sur la cons\u00e9cration des Verts \u00e0 la CAN"},"content":{"rendered":"<div readability=\"32\">\n<p>Auteur : <span class=\"time\">mercredi 24 juillet 2019 18:30<\/span><\/p>\n<\/div>\n<div id=\"post_core\" readability=\"41\">\n<p>L&rsquo;attaquant de Montpellier Andy Delort s&rsquo;est confi\u00e9 au site internet du club sur son aventure et sa victoire lors de la Coupe d&rsquo;Afrique des Nations 2019 avec l\u2019EN: \u00abC&rsquo;est quelque chose d&rsquo;exceptionnel. Je me suis r\u00e9gal\u00e9. Tout le monde sait comment \u00e7a s&rsquo;est pass\u00e9. Au d\u00e9part, je n&rsquo;\u00e9tais pas dans le groupe par rapport au changement de nationalit\u00e9 sportive qui est intervenu tard et finalement tout s&rsquo;est encha\u00een\u00e9 au dernier moment. J&rsquo;ai rejoint le groupe \u00e0 Doha le 15 juin et, \u00e0 peine un mois plus tard, je me retrouve champion d&rsquo;Afrique c&rsquo;est extraordinaire.\u00bb a-t-il d\u00e9clar\u00e9 avant d\u2019ajouter\u00a0:\u00a0\u00abLe retour au pays a \u00e9galement \u00e9t\u00e9 un moment tr\u00e8s fort quand on revoit les vid\u00e9os dans certaines que j&rsquo;ai post\u00e9e sur mon Instagram. C&rsquo;est vraiment impressionnant, incroyable ! Je crois avoir entendu qu&rsquo;il y avait 6 millions de personnes dans les rues d&rsquo;Alger pour nous voir. Nous avons pris le bus \u00e0 l&rsquo;a\u00e9roport \u00e0 13h et nous avons mis 7h pour faire 20 km. C&rsquo;\u00e9tait extraordinaire.\u00bb<\/p>\n<p><strong>Publi\u00e9 dans :<\/strong> <span>Andy Delort<\/span><\/p>\n<\/div>\n<p>Auteur:<br \/>\n<a href=\"http:\/\/www.lebuteur.com\/article\/detail?titre=andy-delort-se-confie-sur-la-consecration-des-verts-a-la-can&#038;id=90653&#038;utm_source=feedburner&#038;utm_medium=feed&#038;utm_campaign=Feed%3A+GalerieFArtciles+%28Les+derniers+articles++-+lebuteur.com%29\">Cliquez ici pour lire l&rsquo;article depuis sa source.<\/a><\/p>\n","protected":false},"excerpt":{"rendered":"<p>Auteur : mercredi 24 juillet 2019 18:30 L&rsquo;attaquant de Montpellier Andy Delort s&rsquo;est confi\u00e9 au site internet du club sur son aventure et sa victoire lors de la Coupe d&rsquo;Afrique des Nations 2019 avec l\u2019EN: \u00abC&rsquo;est quelque chose d&rsquo;exceptionnel. Je me suis r\u00e9gal\u00e9. Tout le monde sait comment \u00e7a s&rsquo;est pass\u00e9. Au d\u00e9part, je n&rsquo;\u00e9tais [&hellip;]<\/p>\n","protected":false},"author":1738,"featured_media":48107,"comment_status":"closed","ping_status":"closed","sticky":false,"template":"","format":"standard","meta":{"fifu_image_url":"","fifu_image_alt":"","footnotes":""},"categories":[53,75],"tags":[],"class_list":["post-48106","post","type-post","status-publish","format-standard","has-post-thumbnail","hentry","category-algerie","category-sport"],"_links":{"self":[{"href":"https:\/\/linitiative.ca\/International\/wp-json\/wp\/v2\/posts\/48106","targetHints":{"allow":["GET"]}}],"collection":[{"href":"https:\/\/linitiative.ca\/International\/wp-json\/wp\/v2\/posts"}],"about":[{"href":"https:\/\/linitiative.ca\/International\/wp-json\/wp\/v2\/types\/post"}],"author":[{"embeddable":true,"href":"https:\/\/linitiative.ca\/International\/wp-json\/wp\/v2\/users\/1738"}],"replies":[{"embeddable":true,"href":"https:\/\/linitiative.ca\/International\/wp-json\/wp\/v2\/comments?post=48106"}],"version-history":[{"count":0,"href":"https:\/\/linitiative.ca\/International\/wp-json\/wp\/v2\/posts\/48106\/revisions"}],"wp:featuredmedia":[{"embeddable":true,"href":"https:\/\/linitiative.ca\/International\/wp-json\/"}],"wp:attachment":[{"href":"https:\/\/linitiative.ca\/International\/wp-json\/wp\/v2\/media?parent=48106"}],"wp:term":[{"taxonomy":"category","embeddable":true,"href":"https:\/\/linitiative.ca\/International\/wp-json\/wp\/v2\/categories?post=48106"},{"taxonomy":"post_tag","embeddable":true,"href":"https:\/\/linitiative.ca\/International\/wp-json\/wp\/v2\/tags?post=48106"}],"curies":[{"name":"wp","href":"https:\/\/api.w.org\/{rel}","templated":true}]}}