{"id":48108,"date":"2019-07-24T15:14:30","date_gmt":"2019-07-24T19:14:30","guid":{"rendered":"https:\/\/linitiative.ca\/International\/equipe-dalgerie-bennacer-decore-par-la-ville-francaise-darles\/"},"modified":"2019-07-24T15:14:30","modified_gmt":"2019-07-24T19:14:30","slug":"equipe-dalgerie-bennacer-decore-par-la-ville-francaise-darles","status":"publish","type":"post","link":"https:\/\/linitiative.ca\/International\/equipe-dalgerie-bennacer-decore-par-la-ville-francaise-darles\/","title":{"rendered":"Equipe d&rsquo;Alg\u00e9rie : Bennacer d\u00e9cor\u00e9 par la ville fran\u00e7aise d\u2019Arles"},"content":{"rendered":"<div readability=\"32\">\n<p>Auteur : <span class=\"time\">mercredi 24 juillet 2019 18:34<\/span><\/p>\n<\/div>\n<div id=\"post_core\" readability=\"39\">\n<p>L&rsquo;\u00e9t\u00e9 de r\u00eave continue pour Isma\u00ebl Bennacer. Champion d&rsquo;Afrique avec l&rsquo;Alg\u00e9rie, \u00e9lu meilleur joueur du tournoi, sur le point de signer un contrat \u00e0 l&rsquo;AC Milan, le jeune de homme de 21 ans a \u00e9t\u00e9 d\u00e9cor\u00e9 ce mardi par la ville d&rsquo;Arles pour son \u0153uvre. \u00a0Un joli geste de la part du maire Herv\u00e9 Schiavetti pour r\u00e9compenser un enfant d&rsquo;Arles. Isma\u00ebl Bennacer est n\u00e9 et a grandi dans la commune du d\u00e9partement des Bouches-du-Rh\u00f4ne. Apr\u00e8s avoir fait ses classes dans le club d&rsquo;Arles-Avignon, le milieu de terrain a quitt\u00e9 la r\u00e9gion en 2015 \u00e0 l\u2019\u00e2ge de 17 ans pour tenter l&rsquo;aventure \u00e0 l&rsquo;\u00e9tranger du c\u00f4t\u00e9 d&rsquo;Arsenal rapporte rmcsport.bfmtv.com.<\/p>\n<p><strong>Publi\u00e9 dans :<\/strong> <span>BENNACER<\/span><\/p>\n<\/div>\n<p>Auteur:<br \/>\n<a href=\"http:\/\/www.lebuteur.com\/article\/detail?titre=bennacer-decore-par-la-ville-francaise-darles&#038;id=90654&#038;utm_source=feedburner&#038;utm_medium=feed&#038;utm_campaign=Feed%3A+GalerieFArtciles+%28Les+derniers+articles++-+lebuteur.com%29\">Cliquez ici pour lire l&rsquo;article depuis sa source.<\/a><\/p>\n","protected":false},"excerpt":{"rendered":"<p>Auteur : mercredi 24 juillet 2019 18:34 L&rsquo;\u00e9t\u00e9 de r\u00eave continue pour Isma\u00ebl Bennacer. Champion d&rsquo;Afrique avec l&rsquo;Alg\u00e9rie, \u00e9lu meilleur joueur du tournoi, sur le point de signer un contrat \u00e0 l&rsquo;AC Milan, le jeune de homme de 21 ans a \u00e9t\u00e9 d\u00e9cor\u00e9 ce mardi par la ville d&rsquo;Arles pour son \u0153uvre. \u00a0Un joli geste [&hellip;]<\/p>\n","protected":false},"author":1738,"featured_media":48109,"comment_status":"closed","ping_status":"closed","sticky":false,"template":"","format":"standard","meta":{"fifu_image_url":"","fifu_image_alt":"","footnotes":""},"categories":[53,75],"tags":[],"class_list":["post-48108","post","type-post","status-publish","format-standard","has-post-thumbnail","hentry","category-algerie","category-sport"],"_links":{"self":[{"href":"https:\/\/linitiative.ca\/International\/wp-json\/wp\/v2\/posts\/48108","targetHints":{"allow":["GET"]}}],"collection":[{"href":"https:\/\/linitiative.ca\/International\/wp-json\/wp\/v2\/posts"}],"about":[{"href":"https:\/\/linitiative.ca\/International\/wp-json\/wp\/v2\/types\/post"}],"author":[{"embeddable":true,"href":"https:\/\/linitiative.ca\/International\/wp-json\/wp\/v2\/users\/1738"}],"replies":[{"embeddable":true,"href":"https:\/\/linitiative.ca\/International\/wp-json\/wp\/v2\/comments?post=48108"}],"version-history":[{"count":0,"href":"https:\/\/linitiative.ca\/International\/wp-json\/wp\/v2\/posts\/48108\/revisions"}],"wp:featuredmedia":[{"embeddable":true,"href":"https:\/\/linitiative.ca\/International\/wp-json\/"}],"wp:attachment":[{"href":"https:\/\/linitiative.ca\/International\/wp-json\/wp\/v2\/media?parent=48108"}],"wp:term":[{"taxonomy":"category","embeddable":true,"href":"https:\/\/linitiative.ca\/International\/wp-json\/wp\/v2\/categories?post=48108"},{"taxonomy":"post_tag","embeddable":true,"href":"https:\/\/linitiative.ca\/International\/wp-json\/wp\/v2\/tags?post=48108"}],"curies":[{"name":"wp","href":"https:\/\/api.w.org\/{rel}","templated":true}]}}