{"id":48110,"date":"2019-07-24T15:14:31","date_gmt":"2019-07-24T19:14:31","guid":{"rendered":"https:\/\/linitiative.ca\/International\/equipe-dalgerie-aymen-mechrefa-ambassadeur-degypte-en-algerie-mahrez-na-pas-fait-expres-dignorer-notre-premier-ministre\/"},"modified":"2019-07-24T15:14:31","modified_gmt":"2019-07-24T19:14:31","slug":"equipe-dalgerie-aymen-mechrefa-ambassadeur-degypte-en-algerie-mahrez-na-pas-fait-expres-dignorer-notre-premier-ministre","status":"publish","type":"post","link":"https:\/\/linitiative.ca\/International\/equipe-dalgerie-aymen-mechrefa-ambassadeur-degypte-en-algerie-mahrez-na-pas-fait-expres-dignorer-notre-premier-ministre\/","title":{"rendered":"Equipe d&rsquo;Alg\u00e9rie : Aymen Mechrefa (Ambassadeur d\u2019Egypte en Alg\u00e9rie) : \u00abMahrez n\u2019a pas fait expr\u00e8s d\u2019ignorer notre premier ministre \u00bb"},"content":{"rendered":"<div readability=\"32\">\n<p>Auteur : <span class=\"time\">mercredi 24 juillet 2019 18:51<\/span><\/p>\n<\/div>\n<div id=\"post_core\" readability=\"40\">\n<p>Comme rapport\u00e9 pr\u00e9c\u00e9demment, Riyad Mahrez a fait l\u2019objet r\u00e9cemment d\u2019une grosse pol\u00e9mique en Egypte apr\u00e8s avoir oubli\u00e9 de serrer la main au premier ministre \u00e9gyptien, Mustapha Madbouli lors de la c\u00e9r\u00e9monie de remise des prix \u00e0 l\u2019issue de la finale de la CAN disput\u00e9e face au S\u00e9n\u00e9gal. S\u2019exprimant hier en marge d\u2019une c\u00e9r\u00e9monie organis\u00e9e \u00e0 Alger, l\u2019ambassadeur d\u2019Egypte en Alg\u00e9rie, en l\u2019occurrence, Aymen Mechrefa est revenu sur cette folle histoire: \u00ab C\u2019est \u00e9vident que ce n\u2019\u00e9tait pas fait expr\u00e8s. Le joueur \u00e9tait heureux d\u2019avoir remport\u00e9 la CAN et voulait seulement brandir la Coupe. Il ne faut pas faire sortir le match de son contexte sportif. Il ne faut pas m\u00e9langer le sport avec la politique. Ce n\u2019est pas bon du tout. \u00bb<\/p>\n<p><strong>Publi\u00e9 dans :<\/strong> <span>Mahrez<\/span><\/p>\n<\/div>\n<p>Auteur:<br \/>\n<a href=\"http:\/\/www.lebuteur.com\/article\/detail?titre=aymen-mechrefa-ambassadeur-degypte-en-algerie-mahrez-na-pas-fait-expres-dignorer-notre-premier-ministre&#038;id=90656&#038;utm_source=feedburner&#038;utm_medium=feed&#038;utm_campaign=Feed%3A+GalerieFArtciles+%28Les+derniers+articles++-+lebuteur.com%29\">Cliquez ici pour lire l&rsquo;article depuis sa source.<\/a><\/p>\n","protected":false},"excerpt":{"rendered":"<p>Auteur : mercredi 24 juillet 2019 18:51 Comme rapport\u00e9 pr\u00e9c\u00e9demment, Riyad Mahrez a fait l\u2019objet r\u00e9cemment d\u2019une grosse pol\u00e9mique en Egypte apr\u00e8s avoir oubli\u00e9 de serrer la main au premier ministre \u00e9gyptien, Mustapha Madbouli lors de la c\u00e9r\u00e9monie de remise des prix \u00e0 l\u2019issue de la finale de la CAN disput\u00e9e face au S\u00e9n\u00e9gal. S\u2019exprimant [&hellip;]<\/p>\n","protected":false},"author":1738,"featured_media":48111,"comment_status":"closed","ping_status":"closed","sticky":false,"template":"","format":"standard","meta":{"fifu_image_url":"","fifu_image_alt":"","footnotes":""},"categories":[53,75],"tags":[],"class_list":["post-48110","post","type-post","status-publish","format-standard","has-post-thumbnail","hentry","category-algerie","category-sport"],"_links":{"self":[{"href":"https:\/\/linitiative.ca\/International\/wp-json\/wp\/v2\/posts\/48110","targetHints":{"allow":["GET"]}}],"collection":[{"href":"https:\/\/linitiative.ca\/International\/wp-json\/wp\/v2\/posts"}],"about":[{"href":"https:\/\/linitiative.ca\/International\/wp-json\/wp\/v2\/types\/post"}],"author":[{"embeddable":true,"href":"https:\/\/linitiative.ca\/International\/wp-json\/wp\/v2\/users\/1738"}],"replies":[{"embeddable":true,"href":"https:\/\/linitiative.ca\/International\/wp-json\/wp\/v2\/comments?post=48110"}],"version-history":[{"count":0,"href":"https:\/\/linitiative.ca\/International\/wp-json\/wp\/v2\/posts\/48110\/revisions"}],"wp:featuredmedia":[{"embeddable":true,"href":"https:\/\/linitiative.ca\/International\/wp-json\/"}],"wp:attachment":[{"href":"https:\/\/linitiative.ca\/International\/wp-json\/wp\/v2\/media?parent=48110"}],"wp:term":[{"taxonomy":"category","embeddable":true,"href":"https:\/\/linitiative.ca\/International\/wp-json\/wp\/v2\/categories?post=48110"},{"taxonomy":"post_tag","embeddable":true,"href":"https:\/\/linitiative.ca\/International\/wp-json\/wp\/v2\/tags?post=48110"}],"curies":[{"name":"wp","href":"https:\/\/api.w.org\/{rel}","templated":true}]}}