{"id":48112,"date":"2019-07-24T15:14:32","date_gmt":"2019-07-24T19:14:32","guid":{"rendered":"https:\/\/linitiative.ca\/International\/pros-al-duhail-veut-devancer-al-sadd-et-chiper-belaili\/"},"modified":"2019-07-24T15:14:32","modified_gmt":"2019-07-24T19:14:32","slug":"pros-al-duhail-veut-devancer-al-sadd-et-chiper-belaili","status":"publish","type":"post","link":"https:\/\/linitiative.ca\/International\/pros-al-duhail-veut-devancer-al-sadd-et-chiper-belaili\/","title":{"rendered":"Pros : Al-Duha\u00efl veut devancer Al-Sadd et chiper Bela\u00efli"},"content":{"rendered":"<div readability=\"32\">\n<p>Auteur : <span class=\"time\">mercredi 24 juillet 2019 18:51<\/span><\/p>\n<\/div>\n<div id=\"post_core\" readability=\"42\">\n<p>Auteur d\u2019une CAN tout simplement exceptionnelle, le milieu de terrain, Youcef Bela\u00efli int\u00e9resse beaucoup de clubs, notamment dans les pays du Golfe. La formation d\u2019Al-Sadd veut le recruter et compte mettre le paquet pour reconstituer son association avec Bounedjah au club. Cependant et selon la presse qatarie, un autre club du pays entend entrer en course pour le chiper, \u00e0 savoir, Al-Duha\u00efl. Les dirigeants de ce dernier seraient pr\u00eats \u00e0 mettre 10 millions d\u2019euros sur la table pour racheter son contrat de l\u2019ES Tunis. Ce qui est s\u00fbr, c\u2019est que Bela\u00efli ne restera pas en Tunisie la saison prochaine.<\/p>\n<p><strong>Publi\u00e9 dans :<\/strong> <span>Bela\u00efli<\/span><\/p>\n<\/div>\n<p>Auteur:<br \/>\n<a href=\"http:\/\/www.lebuteur.com\/article\/detail?titre=al-duhail-veut-devancer-al-sadd-et-chiper-belaili&#038;id=90655&#038;utm_source=feedburner&#038;utm_medium=feed&#038;utm_campaign=Feed%3A+GalerieFArtciles+%28Les+derniers+articles++-+lebuteur.com%29\">Cliquez ici pour lire l&rsquo;article depuis sa source.<\/a><\/p>\n","protected":false},"excerpt":{"rendered":"<p>Auteur : mercredi 24 juillet 2019 18:51 Auteur d\u2019une CAN tout simplement exceptionnelle, le milieu de terrain, Youcef Bela\u00efli int\u00e9resse beaucoup de clubs, notamment dans les pays du Golfe. La formation d\u2019Al-Sadd veut le recruter et compte mettre le paquet pour reconstituer son association avec Bounedjah au club. Cependant et selon la presse qatarie, un [&hellip;]<\/p>\n","protected":false},"author":1738,"featured_media":48113,"comment_status":"closed","ping_status":"closed","sticky":false,"template":"","format":"standard","meta":{"fifu_image_url":"","fifu_image_alt":"","footnotes":""},"categories":[53,75],"tags":[],"class_list":["post-48112","post","type-post","status-publish","format-standard","has-post-thumbnail","hentry","category-algerie","category-sport"],"_links":{"self":[{"href":"https:\/\/linitiative.ca\/International\/wp-json\/wp\/v2\/posts\/48112","targetHints":{"allow":["GET"]}}],"collection":[{"href":"https:\/\/linitiative.ca\/International\/wp-json\/wp\/v2\/posts"}],"about":[{"href":"https:\/\/linitiative.ca\/International\/wp-json\/wp\/v2\/types\/post"}],"author":[{"embeddable":true,"href":"https:\/\/linitiative.ca\/International\/wp-json\/wp\/v2\/users\/1738"}],"replies":[{"embeddable":true,"href":"https:\/\/linitiative.ca\/International\/wp-json\/wp\/v2\/comments?post=48112"}],"version-history":[{"count":0,"href":"https:\/\/linitiative.ca\/International\/wp-json\/wp\/v2\/posts\/48112\/revisions"}],"wp:featuredmedia":[{"embeddable":true,"href":"https:\/\/linitiative.ca\/International\/wp-json\/"}],"wp:attachment":[{"href":"https:\/\/linitiative.ca\/International\/wp-json\/wp\/v2\/media?parent=48112"}],"wp:term":[{"taxonomy":"category","embeddable":true,"href":"https:\/\/linitiative.ca\/International\/wp-json\/wp\/v2\/categories?post=48112"},{"taxonomy":"post_tag","embeddable":true,"href":"https:\/\/linitiative.ca\/International\/wp-json\/wp\/v2\/tags?post=48112"}],"curies":[{"name":"wp","href":"https:\/\/api.w.org\/{rel}","templated":true}]}}