{"id":48114,"date":"2019-07-24T15:14:33","date_gmt":"2019-07-24T19:14:33","guid":{"rendered":"https:\/\/linitiative.ca\/International\/international-mahrez-ratera-la-finale-de-community-shield-face-a-liverpool\/"},"modified":"2019-07-24T15:14:33","modified_gmt":"2019-07-24T19:14:33","slug":"international-mahrez-ratera-la-finale-de-community-shield-face-a-liverpool","status":"publish","type":"post","link":"https:\/\/linitiative.ca\/International\/international-mahrez-ratera-la-finale-de-community-shield-face-a-liverpool\/","title":{"rendered":"International : Mahrez ratera la finale de Community Shield face \u00e0 Liverpool"},"content":{"rendered":"<div readability=\"32\">\n<p>Auteur : <span class=\"time\">mercredi 24 juillet 2019 18:52<\/span><\/p>\n<\/div>\n<div id=\"post_core\" readability=\"39\">\n<p>Le premier match officiel que va rater Riyad Mahrez sera celui de la finale de la Community Shield qui va opposer Manchester City \u00e0 Liverpool le 4 ao\u00fbt prochain \u00e0 Wembley, puisque le joueur sera encore en vacances. Il faut dire que le calendrier a \u00e9t\u00e9 extr\u00eamement charg\u00e9 pour l\u2019international alg\u00e9rien, qui vient donc \u00e0 peine de finir la saison 2018-2019 alors que la nouvelle va d\u00e9buter dans quelques jours.<\/p>\n<p><strong>Publi\u00e9 dans :<\/strong> <span>liverpool<\/span> <span>Mahrez<\/span><\/p>\n<\/div>\n<p>Auteur:<br \/>\n<a href=\"http:\/\/www.lebuteur.com\/article\/detail?titre=mahrez-ratera-la-finale-de-community-shield-face-a-liverpool&#038;id=90657&#038;utm_source=feedburner&#038;utm_medium=feed&#038;utm_campaign=Feed%3A+GalerieFArtciles+%28Les+derniers+articles++-+lebuteur.com%29\">Cliquez ici pour lire l&rsquo;article depuis sa source.<\/a><\/p>\n","protected":false},"excerpt":{"rendered":"<p>Auteur : mercredi 24 juillet 2019 18:52 Le premier match officiel que va rater Riyad Mahrez sera celui de la finale de la Community Shield qui va opposer Manchester City \u00e0 Liverpool le 4 ao\u00fbt prochain \u00e0 Wembley, puisque le joueur sera encore en vacances. Il faut dire que le calendrier a \u00e9t\u00e9 extr\u00eamement charg\u00e9 [&hellip;]<\/p>\n","protected":false},"author":1738,"featured_media":48115,"comment_status":"closed","ping_status":"closed","sticky":false,"template":"","format":"standard","meta":{"fifu_image_url":"","fifu_image_alt":"","footnotes":""},"categories":[53,75],"tags":[],"class_list":["post-48114","post","type-post","status-publish","format-standard","has-post-thumbnail","hentry","category-algerie","category-sport"],"_links":{"self":[{"href":"https:\/\/linitiative.ca\/International\/wp-json\/wp\/v2\/posts\/48114","targetHints":{"allow":["GET"]}}],"collection":[{"href":"https:\/\/linitiative.ca\/International\/wp-json\/wp\/v2\/posts"}],"about":[{"href":"https:\/\/linitiative.ca\/International\/wp-json\/wp\/v2\/types\/post"}],"author":[{"embeddable":true,"href":"https:\/\/linitiative.ca\/International\/wp-json\/wp\/v2\/users\/1738"}],"replies":[{"embeddable":true,"href":"https:\/\/linitiative.ca\/International\/wp-json\/wp\/v2\/comments?post=48114"}],"version-history":[{"count":0,"href":"https:\/\/linitiative.ca\/International\/wp-json\/wp\/v2\/posts\/48114\/revisions"}],"wp:featuredmedia":[{"embeddable":true,"href":"https:\/\/linitiative.ca\/International\/wp-json\/"}],"wp:attachment":[{"href":"https:\/\/linitiative.ca\/International\/wp-json\/wp\/v2\/media?parent=48114"}],"wp:term":[{"taxonomy":"category","embeddable":true,"href":"https:\/\/linitiative.ca\/International\/wp-json\/wp\/v2\/categories?post=48114"},{"taxonomy":"post_tag","embeddable":true,"href":"https:\/\/linitiative.ca\/International\/wp-json\/wp\/v2\/tags?post=48114"}],"curies":[{"name":"wp","href":"https:\/\/api.w.org\/{rel}","templated":true}]}}