{"id":48116,"date":"2019-07-24T15:14:35","date_gmt":"2019-07-24T19:14:35","guid":{"rendered":"https:\/\/linitiative.ca\/International\/pros-asse-boudebouz-va-bien-debarquer\/"},"modified":"2019-07-24T15:14:35","modified_gmt":"2019-07-24T19:14:35","slug":"pros-asse-boudebouz-va-bien-debarquer","status":"publish","type":"post","link":"https:\/\/linitiative.ca\/International\/pros-asse-boudebouz-va-bien-debarquer\/","title":{"rendered":"Pros : ASSE : Boudebouz va bien d\u00e9barquer !"},"content":{"rendered":"<div readability=\"32\">\n<p>Auteur : <span class=\"time\">mercredi 24 juillet 2019 19:16<\/span><\/p>\n<\/div>\n<div id=\"post_core\" readability=\"41\">\n<p>L&rsquo;AS Saint-Etienne va bien recruter Ryad Boudebouz. Apr\u00e8s RMC, c&rsquo;est au tour de L&rsquo;Equipe de confirmer un accord entre le club for\u00e9zien et le Betis S\u00e9ville pour un transfert du milieu offensif alg\u00e9rien. Si la radio \u00e9voquait un montant de 4 millions d&rsquo;euros, le site du quotidien sportif parle, lui, de 3,5 millions d&rsquo;euros. Les deux m\u00e9dias sont toutefois d&rsquo;accord sur la date d&rsquo;arriv\u00e9e de l&rsquo;ancien Montpelli\u00e9rain, qui est attendu jeudi dans le Forez pour signer un contrat de trois ans. Boudebouz compensera le d\u00e9part de R\u00e9my Cabella vers la Russie rapporte Maxifoot.fr.<\/p>\n<p><strong>Publi\u00e9 dans :<\/strong> <span>boudebouz<\/span><\/p>\n<\/div>\n<p>Auteur:<br \/>\n<a href=\"http:\/\/www.lebuteur.com\/article\/detail?titre=asse-boudebouz-va-bien-debarquer&#038;id=90658&#038;utm_source=feedburner&#038;utm_medium=feed&#038;utm_campaign=Feed%3A+GalerieFArtciles+%28Les+derniers+articles++-+lebuteur.com%29\">Cliquez ici pour lire l&rsquo;article depuis sa source.<\/a><\/p>\n","protected":false},"excerpt":{"rendered":"<p>Auteur : mercredi 24 juillet 2019 19:16 L&rsquo;AS Saint-Etienne va bien recruter Ryad Boudebouz. Apr\u00e8s RMC, c&rsquo;est au tour de L&rsquo;Equipe de confirmer un accord entre le club for\u00e9zien et le Betis S\u00e9ville pour un transfert du milieu offensif alg\u00e9rien. Si la radio \u00e9voquait un montant de 4 millions d&rsquo;euros, le site du quotidien sportif [&hellip;]<\/p>\n","protected":false},"author":1738,"featured_media":48117,"comment_status":"closed","ping_status":"closed","sticky":false,"template":"","format":"standard","meta":{"fifu_image_url":"","fifu_image_alt":"","footnotes":""},"categories":[53,75],"tags":[],"class_list":["post-48116","post","type-post","status-publish","format-standard","has-post-thumbnail","hentry","category-algerie","category-sport"],"_links":{"self":[{"href":"https:\/\/linitiative.ca\/International\/wp-json\/wp\/v2\/posts\/48116","targetHints":{"allow":["GET"]}}],"collection":[{"href":"https:\/\/linitiative.ca\/International\/wp-json\/wp\/v2\/posts"}],"about":[{"href":"https:\/\/linitiative.ca\/International\/wp-json\/wp\/v2\/types\/post"}],"author":[{"embeddable":true,"href":"https:\/\/linitiative.ca\/International\/wp-json\/wp\/v2\/users\/1738"}],"replies":[{"embeddable":true,"href":"https:\/\/linitiative.ca\/International\/wp-json\/wp\/v2\/comments?post=48116"}],"version-history":[{"count":0,"href":"https:\/\/linitiative.ca\/International\/wp-json\/wp\/v2\/posts\/48116\/revisions"}],"wp:featuredmedia":[{"embeddable":true,"href":"https:\/\/linitiative.ca\/International\/wp-json\/"}],"wp:attachment":[{"href":"https:\/\/linitiative.ca\/International\/wp-json\/wp\/v2\/media?parent=48116"}],"wp:term":[{"taxonomy":"category","embeddable":true,"href":"https:\/\/linitiative.ca\/International\/wp-json\/wp\/v2\/categories?post=48116"},{"taxonomy":"post_tag","embeddable":true,"href":"https:\/\/linitiative.ca\/International\/wp-json\/wp\/v2\/tags?post=48116"}],"curies":[{"name":"wp","href":"https:\/\/api.w.org\/{rel}","templated":true}]}}