{"id":48118,"date":"2019-07-23T19:00:00","date_gmt":"2019-07-23T23:00:00","guid":{"rendered":"https:\/\/linitiative.ca\/International\/algerie-forum-construire-la-nouvelle-algerie\/"},"modified":"2019-07-23T19:00:00","modified_gmt":"2019-07-23T23:00:00","slug":"algerie-forum-construire-la-nouvelle-algerie","status":"publish","type":"post","link":"https:\/\/linitiative.ca\/International\/algerie-forum-construire-la-nouvelle-algerie\/","title":{"rendered":"Alg\u00e9rie Forum : Construire la nouvelle Alg\u00e9rie"},"content":{"rendered":"<p>Un Forum national ind\u00e9pendant d\u00e9nomm\u00e9 Alg\u00e9rie Forum a \u00e9t\u00e9 cr\u00e9\u00e9, en d\u00e9but de semaine \u00e0 Alger, en pr\u00e9sence de repr\u00e9sentants de 17 wilayas et sous le contr\u00f4le d\u2019un huissier de justice. En sus de la cr\u00e9ation de cette nouvelle organisation, il a \u00e9galement \u00e9t\u00e9 proc\u00e9d\u00e9 \u00e0 l\u2019\u00e9lection de Mourad Mazar \u00e0 la t\u00eate du forum, qui occupe actuellement le poste de pr\u00e9sident de la Commission internationale de lutte contre la corruption en Suisse. Mourad Mazar a \u00e9t\u00e9 \u00e9lu, selon le porte-parole d\u2019Alg\u00e9rie Forum,\u00a0\u00e0 l\u2019unanimit\u00e9, par les membres de l\u2019assembl\u00e9e g\u00e9n\u00e9rale, dans un climat d\u00e9mocratique.<br \/>Lors de la c\u00e9r\u00e9monie de cr\u00e9ation qui avait dur\u00e9 toute l\u2019apr\u00e8s-midi de dimanche, le vice-pr\u00e9sident et porte-parole du Forum national, Hamza Hanachi, a d\u00e9clar\u00e9 que le \u00abnouvel organe n\u2019\u00e9tait qu\u2019un reflet de la composition des membres et de la structure juridique, consid\u00e9rant que le forum fonctionnait depuis deux ans et rassemblait la communaut\u00e9 de m\u00e9decins, d\u2019avocats, ainsi que de journalistes et d\u2019\u00e9tudiants\u00bb.<br \/>Il pr\u00e9cise que \u00ables membres du Forum ont pris part massivement au mouvement, depuis le 22 f\u00e9vrier\u00bb.<br \/>Ils ont d\u00e9cid\u00e9 de se structurer dans un cadre juridique, apr\u00e8s avoir obtenu l\u2019autorisation du minist\u00e8re de l\u2019Int\u00e9rieur et des Collectivit\u00e9s locales de tenir la r\u00e9union \u00e0 Alger, apr\u00e8s la convocation de l\u2019Assembl\u00e9e constituante et la formation du Bureau national, avec les coordinateurs des wilayas\u00bb. Le slogan retenu est\u00a0: \u00abLa s\u00e9curit\u00e9 de notre Alg\u00e9rie est dans la force de notre arm\u00e9e\u00bb. Il est ajout\u00e9 \u00e9galement que le Forum \u00ab\u00e9tait un espace ouvert pour tous les publics et pour toutes les couches de la soci\u00e9t\u00e9, ce qui contribuera \u00e0 rehausser le sens national et \u00e0 la construction de la nouvelle Alg\u00e9rie\u00bb. Selon un communiqu\u00e9 de l\u2019organisation, le dialogue national, auquel a appel\u00e9 le chef de l\u2019\u00c9tat, et valoris\u00e9 par l\u2019institution militaire, sera amorc\u00e9 en ad\u00e9quation avec les priorit\u00e9s du Forum qui se traduiront par l\u2019organisation de s\u00e9minaires et de conf\u00e9rences afin de mettre en avant l\u2019importance de la tenue de la prochaine \u00e9lection pr\u00e9sidentielle dans les meilleurs d\u00e9lais, ainsi que la formation de l\u2019organe national.<br \/>Dans le m\u00eame document, le porte-parole souligne que la rue est divis\u00e9e aujourd\u2019hui entre l\u2019\u00e9lection pr\u00e9sidentielle et la formation d\u2019un comit\u00e9 de transition, ce qui nous a amen\u00e9s \u00e0 nous structurer dans un cadre formel, pour que nous puissions avoir un argument juridique, ajoutant \u00e0 cela la force de la proposition, par le biais de d\u00e9clarations officielles et de suggestions pour l\u2019\u00c9tat alg\u00e9rien qui veut aller vers l\u2019\u00e9lection pr\u00e9sidentielle le plus t\u00f4t possible, dans le cadre constitutionnel. M. Hanachi a \u00e9galement r\u00e9v\u00e9l\u00e9 que le forum se lancera, dans les prochaines semaines, dans le processus de restructuration au niveau des wilayas et des communes, afin de \u00abdevenir une repr\u00e9sentation nationale\u00bb et d\u2019apporter sa pierre \u00e0 l\u2019\u00e9difice de la construction de l\u2019 Alg\u00e9rie de demain et cr\u00e9er un avenir meilleur pour une Alg\u00e9rie forte. Il dit aussi que le Forum participera \u00e0 la construction d\u2019une Alg\u00e9rie nouvelle, avec ses jeunes cadres et ses id\u00e9es fortes, loin du favoritisme et de la corruption, en soulignant que le forum a \u00e9t\u00e9 cr\u00e9\u00e9 \u00e0 partir du peuple et de l\u2019\u00e9lite alg\u00e9riens. Le Forum ne repr\u00e9sente aucunement le \u00abHirak\u00bb, dont les militants ont confirm\u00e9 qu\u2019ils n\u2019acceptaient pas la repr\u00e9sentation, ce qui reste, selon les membres du Forum, n\u00e9cessaire aux \u00e9lections du niveau de base, pour destituer l\u00e9galement ses repr\u00e9sentants.<br \/>Mohamed Mendaci<\/p>\n<p>Auteur: elmoudjahid<br \/>\n<a href=\"http:\/\/www.elmoudjahid.com\/fr\/actualites\/139712\">Cliquez ici pour lire l&rsquo;article depuis sa source.<\/a><\/p>\n","protected":false},"excerpt":{"rendered":"<p>Un Forum national ind\u00e9pendant d\u00e9nomm\u00e9 Alg\u00e9rie Forum a \u00e9t\u00e9 cr\u00e9\u00e9, en d\u00e9but de semaine \u00e0 Alger, en pr\u00e9sence de repr\u00e9sentants de 17 wilayas et sous le contr\u00f4le d\u2019un huissier de justice. En sus de la cr\u00e9ation de cette nouvelle organisation, il a \u00e9galement \u00e9t\u00e9 proc\u00e9d\u00e9 \u00e0 l\u2019\u00e9lection de Mourad Mazar \u00e0 la t\u00eate du forum, [&hellip;]<\/p>\n","protected":false},"author":1744,"featured_media":0,"comment_status":"closed","ping_status":"closed","sticky":false,"template":"","format":"standard","meta":{"fifu_image_url":"","fifu_image_alt":"","footnotes":""},"categories":[73,53],"tags":[],"class_list":["post-48118","post","type-post","status-publish","format-standard","hentry","category-actualite","category-algerie"],"_links":{"self":[{"href":"https:\/\/linitiative.ca\/International\/wp-json\/wp\/v2\/posts\/48118","targetHints":{"allow":["GET"]}}],"collection":[{"href":"https:\/\/linitiative.ca\/International\/wp-json\/wp\/v2\/posts"}],"about":[{"href":"https:\/\/linitiative.ca\/International\/wp-json\/wp\/v2\/types\/post"}],"author":[{"embeddable":true,"href":"https:\/\/linitiative.ca\/International\/wp-json\/wp\/v2\/users\/1744"}],"replies":[{"embeddable":true,"href":"https:\/\/linitiative.ca\/International\/wp-json\/wp\/v2\/comments?post=48118"}],"version-history":[{"count":0,"href":"https:\/\/linitiative.ca\/International\/wp-json\/wp\/v2\/posts\/48118\/revisions"}],"wp:attachment":[{"href":"https:\/\/linitiative.ca\/International\/wp-json\/wp\/v2\/media?parent=48118"}],"wp:term":[{"taxonomy":"category","embeddable":true,"href":"https:\/\/linitiative.ca\/International\/wp-json\/wp\/v2\/categories?post=48118"},{"taxonomy":"post_tag","embeddable":true,"href":"https:\/\/linitiative.ca\/International\/wp-json\/wp\/v2\/tags?post=48118"}],"curies":[{"name":"wp","href":"https:\/\/api.w.org\/{rel}","templated":true}]}}