{"id":48120,"date":"2019-07-23T19:00:00","date_gmt":"2019-07-23T23:00:00","guid":{"rendered":"https:\/\/linitiative.ca\/International\/affaire-tahkout-poursuite-des-auditions\/"},"modified":"2019-07-23T19:00:00","modified_gmt":"2019-07-23T23:00:00","slug":"affaire-tahkout-poursuite-des-auditions","status":"publish","type":"post","link":"https:\/\/linitiative.ca\/International\/affaire-tahkout-poursuite-des-auditions\/","title":{"rendered":"Affaire Tahkout : Poursuite des auditions"},"content":{"rendered":"<p>Le Conseiller instructeur pr\u00e8s la Cour supr\u00eame (Alger) a auditionn\u00e9, lundi, le wali d\u2019El- Bayadh, Mohamed Djamel Khenfar, dans le cadre de l\u2019affaire Tahkout, a indiqu\u00e9 un communiqu\u00e9 du Procureur g\u00e9n\u00e9ral pr\u00e8s la m\u00eame Cour. \u00abDans le cadre de l\u2019enqu\u00eate ouverte au niveau de la Cour supr\u00eame, le Conseiller instructeur a auditionn\u00e9 le wali d\u2019El-Bayadh, Mohamed Djamel Khenfar, dans le cadre de l\u2019affaire Tahkout, pour abus de fonction et dilapidation de deniers publics\u00bb, pr\u00e9cise le m\u00eame communiqu\u00e9. \u00abLe Conseiller instructeur a d\u00e9cid\u00e9 de la mise en libert\u00e9 du pr\u00e9venu\u00bb, ajoute la m\u00eame source.<br \/>Le Conseiller instructeur a aussi auditionn\u00e9, lundi, l\u2019ex-wali d\u2019El- Bayadh, Benmansour Abdellah, dans le cadre de la m\u00eame affaire, et a d\u00e9cid\u00e9 de sa \u00abmise en libert\u00e9\u00bb.<br \/>Il a \u00e9t\u00e9 auditionn\u00e9, pour \u00aboctroi d\u00e9lib\u00e9r\u00e9 d\u2019indus avantages, lors de passation d\u2019un march\u00e9, en violation des dispositions l\u00e9gislatives et r\u00e8glementaires, abus de fonction par un agent public en violation des lois et r\u00e9glementations, conflit d\u2019int\u00e9r\u00eat, corruption lors de la passation de march\u00e9s publics et dilapidation de deniers publics\u00bb, pr\u00e9cise le communiqu\u00e9. \u00c0 cet effet, le Conseiller instructeur a ordonn\u00e9 \u00abla mise en libert\u00e9\u00bb du pr\u00e9venu, indique la m\u00eame source, ajoutant que le parquet g\u00e9n\u00e9ral fera appel de cette d\u00e9cision.<br \/>\u00a0<\/p>\n<p>Auteur: elmoudjahid<br \/>\n<a href=\"http:\/\/www.elmoudjahid.com\/fr\/actualites\/139714\">Cliquez ici pour lire l&rsquo;article depuis sa source.<\/a><\/p>\n","protected":false},"excerpt":{"rendered":"<p>Le Conseiller instructeur pr\u00e8s la Cour supr\u00eame (Alger) a auditionn\u00e9, lundi, le wali d\u2019El- Bayadh, Mohamed Djamel Khenfar, dans le cadre de l\u2019affaire Tahkout, a indiqu\u00e9 un communiqu\u00e9 du Procureur g\u00e9n\u00e9ral pr\u00e8s la m\u00eame Cour. \u00abDans le cadre de l\u2019enqu\u00eate ouverte au niveau de la Cour supr\u00eame, le Conseiller instructeur a auditionn\u00e9 le wali d\u2019El-Bayadh, [&hellip;]<\/p>\n","protected":false},"author":1744,"featured_media":0,"comment_status":"closed","ping_status":"closed","sticky":false,"template":"","format":"standard","meta":{"fifu_image_url":"","fifu_image_alt":"","footnotes":""},"categories":[73,53],"tags":[],"class_list":["post-48120","post","type-post","status-publish","format-standard","hentry","category-actualite","category-algerie"],"_links":{"self":[{"href":"https:\/\/linitiative.ca\/International\/wp-json\/wp\/v2\/posts\/48120","targetHints":{"allow":["GET"]}}],"collection":[{"href":"https:\/\/linitiative.ca\/International\/wp-json\/wp\/v2\/posts"}],"about":[{"href":"https:\/\/linitiative.ca\/International\/wp-json\/wp\/v2\/types\/post"}],"author":[{"embeddable":true,"href":"https:\/\/linitiative.ca\/International\/wp-json\/wp\/v2\/users\/1744"}],"replies":[{"embeddable":true,"href":"https:\/\/linitiative.ca\/International\/wp-json\/wp\/v2\/comments?post=48120"}],"version-history":[{"count":0,"href":"https:\/\/linitiative.ca\/International\/wp-json\/wp\/v2\/posts\/48120\/revisions"}],"wp:attachment":[{"href":"https:\/\/linitiative.ca\/International\/wp-json\/wp\/v2\/media?parent=48120"}],"wp:term":[{"taxonomy":"category","embeddable":true,"href":"https:\/\/linitiative.ca\/International\/wp-json\/wp\/v2\/categories?post=48120"},{"taxonomy":"post_tag","embeddable":true,"href":"https:\/\/linitiative.ca\/International\/wp-json\/wp\/v2\/tags?post=48120"}],"curies":[{"name":"wp","href":"https:\/\/api.w.org\/{rel}","templated":true}]}}