{"id":48121,"date":"2019-07-23T19:00:00","date_gmt":"2019-07-23T23:00:00","guid":{"rendered":"https:\/\/linitiative.ca\/International\/marche-des-etudiants-ouverture-dun-dialogue-serieux\/"},"modified":"2019-07-23T19:00:00","modified_gmt":"2019-07-23T23:00:00","slug":"marche-des-etudiants-ouverture-dun-dialogue-serieux","status":"publish","type":"post","link":"https:\/\/linitiative.ca\/International\/marche-des-etudiants-ouverture-dun-dialogue-serieux\/","title":{"rendered":"Marche des \u00e9tudiants : Ouverture d\u2019un dialogue s\u00e9rieux"},"content":{"rendered":"<p>Des \u00e9tudiants de diff\u00e9rentes wilayas ont pris part hier \u00e0 leur 22e marche pacifique hebdomadaire, pour appuyer les revendications du mouvement populaire exigeant, notamment le changement radical du syst\u00e8me\u00a0 et le d\u00e9part de tous ses symboles.<\/p>\n<p>Alger<br \/><strong>Le pouvoir au peuple<\/strong><\/p>\n<p>Des dizaines d&rsquo;\u00e9tudiants ont r\u00e9clam\u00e9 hier lors d&rsquo;une marche pacifique \u00e0 Alger la \u00abrestitution du pouvoir au peuple\u00bb, l&rsquo;ouverture d&rsquo;un \u00abdialogue s\u00e9rieux\u00bb avec les comp\u00e9tences nationales et l&rsquo;instauration d&rsquo;un Etat \u00abfond\u00e9 sur la justice et la comp\u00e9tence\u00bb. S&rsquo;\u00e9branlant \u00e0 partir de la Place des Martyrs, les \u00e9tudiants ont parcouru la rue Larbi Ben M&rsquo;hidi, l&rsquo;Avenue Pasteur et le Boulevard Colonel Amirouche pour arriver \u00e0 la Place Maurice-Audin, en scandant des slogans r\u00e9clamant le d\u00e9part du Gouvernement Bedoui et l&rsquo;application de l&rsquo;article 7 de la Constitution. Les \u00e9tudiants ont r\u00e9it\u00e9r\u00e9 leur rejet de l&rsquo;organisation d&rsquo;une \u00e9lection pr\u00e9sidentielle avant le d\u00e9part de \u00abtous les symboles du syst\u00e8me\u00bb, r\u00e9clamant la constitution d&rsquo;un \u00abGouvernement consensuel\u00bb compos\u00e9 de \u00abcomp\u00e9tences nationales\u00bb. Comme lors de leurs pr\u00e9c\u00e9dentes marches, les \u00e9tudiants ont entonn\u00e9 des chants patriotiques et brandi l&#8217;embl\u00e8me national pour exprimer leur attachement \u00e0 l&rsquo;unit\u00e9 du peuple et du pays. Apr\u00e8s une heure et demie de marche, les \u00e9tudiants se sont dispers\u00e9s dans le calme sans aucun incident.<\/p>\n<p>B\u00e9jaia<br \/><strong>Rupture radicale avec le syst\u00e8me<\/strong><\/p>\n<p>Les \u00e9tudiants de l\u2019universit\u00e9 de Bejaia sont de nouveau descendus dans la rue pour r\u00e9clamer une rupture radicale avec le syst\u00e8me de gouvernance et soutenir l\u2019option d\u2019une transition politique pour pr\u00e9parer l\u2019av\u00e8nement d\u2019une nouvelle r\u00e9publique. Malgr\u00e9 la chaleur et la d\u00e9mobilisation en rapport avec le d\u00e9but des vacances d\u2019\u00e9t\u00e9, les \u00e9tudiants \u00e9taient n\u00e9anmoins plusieurs centaines \u00e0 prendre part \u00e0 cette manifestation hebdomadaire, qui a valu par une focalisation sur le d\u00e9part des figures de proue du syst\u00e8me. L\u2019occasion a \u00e9t\u00e9 \u00e9galement saisie pour d\u00e9noncer les r\u00e9formes universitaires, ciblant la nouvelle option linguistique, notamment la g\u00e9n\u00e9ralisation de l\u2019Anglais, jug\u00e9e de \u00abbricolage\u00bb et assimil\u00e9e \u00e0 une \u00abdiversion\u00bb pour atteindre la dynamique de revendication au sein de l\u2019universit\u00e9. Les marcheurs ont sillonn\u00e9 plusieurs art\u00e8res de la ville, allant du p\u00f4le de Targa Ouzemmour, \u00e0 l\u2019ouest jusqu\u2019\u00e0 la place de la libert\u00e9 Said Mekbel, au centre-ville, en se d\u00e9roulant dans des processions joyeuses et festives.<\/p>\n<p>Oran<br \/><strong>Instaurer un \u00e9tat d\u00e9mocratique\u00a0<\/strong><\/p>\n<p>Si la manifestation des \u00e9tudiants, d\u2019hier, \u00e9tait diff\u00e9rente dans la forme, les revendications exprim\u00e9es sont toujours les m\u00eames. Pour son 22e acte qui intervient \u00e0 trois jours seulement du sacre africain remport\u00e9 par la s\u00e9lection nationale, la marche hebdomadaire des \u00e9tudiants \u00e0 Oran a \u00abc\u00e9l\u00e9br\u00e9\u00bb l\u2019\u00e9v\u00e8nement \u00e0 sa mani\u00e8re. En effet, de nombreux manifestantes et manifestants \u00e9taient v\u00eatus du maillot des nouveaux champions d\u2019Afrique, les autres arboraient le drapeau national.<br \/>Les pancartes et les affiches qu\u2019on avait l\u2019habitude de voir durant les semaines pr\u00e9c\u00e9dentes \u00e9taient quasi-absentes ou presque de la manifestation d\u2019hier, contrairement aux revendications principales qui n\u2019ont pas chang\u00e9 et qui se croisent toujours dans \u00able d\u00e9part r\u00e9el du syst\u00e8me\u00bb. En ce sens, les marcheurs ont scand\u00e9 des slogans r\u00e9clamant \u00able pouvoir au peuple\u00bb, \u00able d\u00e9part des repr\u00e9sentants et symbole du syst\u00e8me contre lequel le peuple s\u2019est r\u00e9volt\u00e9 \u00bb et \u00ab l\u2019instauration d\u2019un Etat d\u00e9mocratique \u00bb.<br \/>A l\u2019instar des derni\u00e8res semaines, les \u00e9tudiants ont renouvel\u00e9 les appels \u00e0 l\u2019unification des rangs des citoyens dans les quatre coins du pays et ont mis en garde contre les menaces de divisions nourries, selon eux, par des agissements incitant au r\u00e9gionalisme, \u00e0 la haine et au racisme. Les \u00e9tudiants qui \u00e9taient beaucoup moins nombreux hier compar\u00e9 aux marches du mois de juin et les pr\u00e9c\u00e9dents, ont encore une fois appel\u00e9 au respect des libert\u00e9s et \u00e0 l\u2019instauration d\u2019un Etat de droit et en exprim\u00e9 leur d\u00e9termination \u00e0 \u00ab poursuivre le combat jusqu\u2019\u00e0 ce que les revendications du peuple port\u00e9es par le mouvement du 22 f\u00e9vrier soient satisfaites.<br \/>A. S.<br \/>\u00a0<\/p>\n<p>Auteur: elmoudjahid<br \/>\n<a href=\"http:\/\/www.elmoudjahid.com\/fr\/actualites\/139715\">Cliquez ici pour lire l&rsquo;article depuis sa source.<\/a><\/p>\n","protected":false},"excerpt":{"rendered":"<p>Des \u00e9tudiants de diff\u00e9rentes wilayas ont pris part hier \u00e0 leur 22e marche pacifique hebdomadaire, pour appuyer les revendications du mouvement populaire exigeant, notamment le changement radical du syst\u00e8me\u00a0 et le d\u00e9part de tous ses symboles. AlgerLe pouvoir au peuple Des dizaines d&rsquo;\u00e9tudiants ont r\u00e9clam\u00e9 hier lors d&rsquo;une marche pacifique \u00e0 Alger la \u00abrestitution du [&hellip;]<\/p>\n","protected":false},"author":1744,"featured_media":0,"comment_status":"closed","ping_status":"closed","sticky":false,"template":"","format":"standard","meta":{"fifu_image_url":"","fifu_image_alt":"","footnotes":""},"categories":[73,53],"tags":[],"class_list":["post-48121","post","type-post","status-publish","format-standard","hentry","category-actualite","category-algerie"],"_links":{"self":[{"href":"https:\/\/linitiative.ca\/International\/wp-json\/wp\/v2\/posts\/48121","targetHints":{"allow":["GET"]}}],"collection":[{"href":"https:\/\/linitiative.ca\/International\/wp-json\/wp\/v2\/posts"}],"about":[{"href":"https:\/\/linitiative.ca\/International\/wp-json\/wp\/v2\/types\/post"}],"author":[{"embeddable":true,"href":"https:\/\/linitiative.ca\/International\/wp-json\/wp\/v2\/users\/1744"}],"replies":[{"embeddable":true,"href":"https:\/\/linitiative.ca\/International\/wp-json\/wp\/v2\/comments?post=48121"}],"version-history":[{"count":0,"href":"https:\/\/linitiative.ca\/International\/wp-json\/wp\/v2\/posts\/48121\/revisions"}],"wp:attachment":[{"href":"https:\/\/linitiative.ca\/International\/wp-json\/wp\/v2\/media?parent=48121"}],"wp:term":[{"taxonomy":"category","embeddable":true,"href":"https:\/\/linitiative.ca\/International\/wp-json\/wp\/v2\/categories?post=48121"},{"taxonomy":"post_tag","embeddable":true,"href":"https:\/\/linitiative.ca\/International\/wp-json\/wp\/v2\/tags?post=48121"}],"curies":[{"name":"wp","href":"https:\/\/api.w.org\/{rel}","templated":true}]}}