{"id":48122,"date":"2019-07-23T19:00:00","date_gmt":"2019-07-23T23:00:00","guid":{"rendered":"https:\/\/linitiative.ca\/International\/ahmed-taleb-ibrahimi-attachement-au-dialogue\/"},"modified":"2019-07-23T19:00:00","modified_gmt":"2019-07-23T23:00:00","slug":"ahmed-taleb-ibrahimi-attachement-au-dialogue","status":"publish","type":"post","link":"https:\/\/linitiative.ca\/International\/ahmed-taleb-ibrahimi-attachement-au-dialogue\/","title":{"rendered":"Ahmed Taleb Ibrahimi : Attachement au dialogue"},"content":{"rendered":"<p>L&rsquo;ancien ministre des Affaires \u00e9trang\u00e8res, Ahmed Taleb Ibrahimi a affirm\u00e9 son attachement au dialogue national qui est \u00e0 m\u00eame de faire sortir le pays de la crise politique qu&rsquo;il traverse, appelant \u00e0 la formation d&rsquo;une commission ind\u00e9pendante pour la gestion de ce dialogue. R\u00e9agissant dans un communiqu\u00e9 au choix de sa personne, aux c\u00f4t\u00e9s d&rsquo;une douzaine d&rsquo;autres personnalit\u00e9s nationales, par le Forum civil pour le changement (FCPC), pour mener la m\u00e9diation et le dialogue, M. Ibrahimi a declar\u00e9 : \u00abMon nom a \u00e9t\u00e9 cit\u00e9 \u2014sans me consulter\u2014 dans une liste de noms propos\u00e9s pour former une commission charg\u00e9e de la supervision du lancement et de l&rsquo;organisation d&rsquo;un dialogue national \u00e0 m\u00eame de faire sortir le pays de l&rsquo;impasse politique qu&rsquo;il traverse depuis l&rsquo;annulation du cinqui\u00e8me mandat\u00bb. \u00abAlors que je viens juste de rentrer d&rsquo;un court s\u00e9jour \u00e0 l&rsquo;\u00e9tranger, je tiens \u00e0 remercier ceux qui m&rsquo;ont investi de leur confiance, tout en appr\u00e9ciant cette reconnaissance solennelle de la justesse de ma position \u00e0 laquelle je suis rest\u00e9 attach\u00e9 depuis l&rsquo;appel que j&rsquo;avais lanc\u00e9 au dialogue et \u00e0 la r\u00e9conciliation nationale pour \u00e9viter la trag\u00e9die nationale des ann\u00e9es 90 et auxquels je tiens toujours\u00bb, a-t-il soutenu. \u00abLe r\u00f4le de la commission du dialogue devant \u00eatre mise en place ne saurait \u00eatre efficace en cette \u00e9tape, que si sa gestion est ind\u00e9pendante et ses d\u00e9cisions libres et souveraines, afin qu&rsquo;elle contribue \u00e0 la construction d&rsquo;un consensus national sur la meilleure formule \u00e0 adopter pour la concr\u00e9tisation des revendications du Hirak populaire appelant au changement radical avec la pr\u00e9servation de l&rsquo;Etat, dans l&rsquo;esprit rassembleur de la d\u00e9claration du 1er Novembre\u00bb, a-t-il poursuivi.<br \/>\u00abLa d\u00e9marche du Pouvoir pour le lancement du dialogue doit d\u00e9couler d&rsquo;une r\u00e9elle volont\u00e9 politique qui va au-del\u00e0 des consid\u00e9rations conjoncturelles et r\u00e9pondre aux revendications des forces politiques et sociales qui appellent \u00e0 la prise pr\u00e9alable de mesures concr\u00e8tes et tangibles pour apaiser l&rsquo;atmosph\u00e8re et calmer les esprits\u00bb, a-t-il expliqu\u00e9.<br \/>Dans le m\u00eame sillage, M. Ibrahimi a estim\u00e9 que \u00abtoute d\u00e9marche s\u00e9rieuse engag\u00e9e aujourd&rsquo;hui pour arriver \u00e0 bon port et se d\u00e9barrasser d\u00e9finitivement des pratiques de corruption et d&rsquo;autoritarisme, doit commencer par reconnaitre l&rsquo;existence d&rsquo;une crise profonde de confiance entre le peuple et ses dirigeants, une crise ayant men\u00e9 \u00e0 la rupture du 22 f\u00e9vrier dernier, laquelle a permis, notamment chez les jeunes, une prise de conscience qui rejette les pis-aller et les demi-mesures\u00bb.<br \/>R\u00e9it\u00e9rant son soutien \u00abind\u00e9fectible\u00bb au Hirak populaire, l&rsquo;ancien ministre a appel\u00e9 les composantes de ce mouvement politique \u00ab\u00e0 continuer sur leur lanc\u00e9e pacifique habituelle et \u00e0 faire preuve davantage de vigilance pour pr\u00e9server leur principal acquis, \u00e0 savoir: l&rsquo;unit\u00e9 des rangs du Hirak jusqu&rsquo;\u00e0 la concr\u00e9tisation de ses objectifs l\u00e9gitimes annonc\u00e9s\u00bb.<br \/>\u00a0<\/p>\n<p>Auteur: elmoudjahid<br \/>\n<a href=\"http:\/\/www.elmoudjahid.com\/fr\/actualites\/139716\">Cliquez ici pour lire l&rsquo;article depuis sa source.<\/a><\/p>\n","protected":false},"excerpt":{"rendered":"<p>L&rsquo;ancien ministre des Affaires \u00e9trang\u00e8res, Ahmed Taleb Ibrahimi a affirm\u00e9 son attachement au dialogue national qui est \u00e0 m\u00eame de faire sortir le pays de la crise politique qu&rsquo;il traverse, appelant \u00e0 la formation d&rsquo;une commission ind\u00e9pendante pour la gestion de ce dialogue. R\u00e9agissant dans un communiqu\u00e9 au choix de sa personne, aux c\u00f4t\u00e9s d&rsquo;une [&hellip;]<\/p>\n","protected":false},"author":1744,"featured_media":0,"comment_status":"closed","ping_status":"closed","sticky":false,"template":"","format":"standard","meta":{"fifu_image_url":"","fifu_image_alt":"","footnotes":""},"categories":[73,53],"tags":[],"class_list":["post-48122","post","type-post","status-publish","format-standard","hentry","category-actualite","category-algerie"],"_links":{"self":[{"href":"https:\/\/linitiative.ca\/International\/wp-json\/wp\/v2\/posts\/48122","targetHints":{"allow":["GET"]}}],"collection":[{"href":"https:\/\/linitiative.ca\/International\/wp-json\/wp\/v2\/posts"}],"about":[{"href":"https:\/\/linitiative.ca\/International\/wp-json\/wp\/v2\/types\/post"}],"author":[{"embeddable":true,"href":"https:\/\/linitiative.ca\/International\/wp-json\/wp\/v2\/users\/1744"}],"replies":[{"embeddable":true,"href":"https:\/\/linitiative.ca\/International\/wp-json\/wp\/v2\/comments?post=48122"}],"version-history":[{"count":0,"href":"https:\/\/linitiative.ca\/International\/wp-json\/wp\/v2\/posts\/48122\/revisions"}],"wp:attachment":[{"href":"https:\/\/linitiative.ca\/International\/wp-json\/wp\/v2\/media?parent=48122"}],"wp:term":[{"taxonomy":"category","embeddable":true,"href":"https:\/\/linitiative.ca\/International\/wp-json\/wp\/v2\/categories?post=48122"},{"taxonomy":"post_tag","embeddable":true,"href":"https:\/\/linitiative.ca\/International\/wp-json\/wp\/v2\/tags?post=48122"}],"curies":[{"name":"wp","href":"https:\/\/api.w.org\/{rel}","templated":true}]}}