{"id":48123,"date":"2019-07-23T19:00:00","date_gmt":"2019-07-23T23:00:00","guid":{"rendered":"https:\/\/linitiative.ca\/International\/reunion-du-cc-du-fln-le-dialogue-au-programme\/"},"modified":"2019-07-23T19:00:00","modified_gmt":"2019-07-23T23:00:00","slug":"reunion-du-cc-du-fln-le-dialogue-au-programme","status":"publish","type":"post","link":"https:\/\/linitiative.ca\/International\/reunion-du-cc-du-fln-le-dialogue-au-programme\/","title":{"rendered":"R\u00e9union du CC du FLN  :  Le dialogue au programme"},"content":{"rendered":"<p>Le Comit\u00e9 central (CC) du parti du Front de lib\u00e9ration nationale (FLN) tiendra, demain, sa premi\u00e8re session ordinaire depuis l\u2019\u00e9lection de Mohamed Djemai en qualit\u00e9 de Secr\u00e9taire g\u00e9n\u00e9ral (SG) du parti, et pourrait avoir pour ordre du jour la recomposition du Bureau politique (BP) et l\u2019examen d\u2019autres questions politiques, en t\u00eate desquelles le dialogue national.<br \/>L\u2019ordre du jour de cette r\u00e9union pourrait voir l\u2019introduction de la question de la composition du BP \u00absi les membres du CC jugent que le moment est propice pour l\u2019\u00e9voquer\u00bb a pr\u00e9cis\u00e9 M. Djemai dans une d\u00e9claration \u00e0 l\u2019APS, soulignant que la r\u00e9union verra l\u2019examen de la vision du parti vis-\u00e0-vis du processus du dialogue national, un point, a-t-il dit, qui sera au centre des rapports devant \u00eatre pr\u00e9sent\u00e9s par les six comit\u00e9s install\u00e9s r\u00e9cemment au niveau du parti. Le SG du FLN a annonc\u00e9, par ailleurs, l\u2019organisation, le 7 ao\u00fbt prochain \u00e0 Oran, d\u2019une rencontre regroupant les cadres du parti qui sera consacr\u00e9e \u00e0 l\u2019examen de la feuille de route relative \u00e0 la prochaine Pr\u00e9sidentielle. D\u2019autres sources au sein du parti ont r\u00e9v\u00e9l\u00e9 que la session ordinaire du CC qu\u2019abritera le Centre international des Conf\u00e9rences (CIC) Abdellatif Rahal, allait examiner une s\u00e9rie de questions relatives \u00e0 la structure du parti, entre autres la composition du BP \u00abquand bien m\u00eame l\u2019invitation du SG \u00e0 l\u2019intention des membres du CC n\u2019incluait pas ce point en se limitant \u00e0 l\u2019ordre du jour contenant la pr\u00e9sentation des rapports des comit\u00e9s permanents et d\u2019autres points divers\u00bb.<br \/>\u00a0La question de la recomposition du Bureau politique du FLN devrait \u00eatre examin\u00e9e, notamment avec le report de l\u2019examen de ce dossier plus de deux mois apr\u00e8s l\u2019\u00e9lection de Djemai \u00e0 la t\u00eate de ce parti et les \u00e9v\u00e9nements importants v\u00e9cus par cette formation politique suite \u00e0 la d\u00e9mission, novembre pass\u00e9, de son ancien SG Djamel Ould Abbe s, et l\u2019attribution de la direction du parti \u00e0 une instance dirigeante supervis\u00e9e par Mouad Bouchareb en qualit\u00e9 de coordonnateur. Elu, mai dernier, lors d\u2019une session extraordinaire du Comit\u00e9 central (CC), tenue deux fois au cours de la m\u00eame semaine en raison de graves d\u00e9saccords entre ses membres, M. Djemai avait abord\u00e9, dans sa premi\u00e8re sortie m\u00e9diatique en sa qualit\u00e9 de premier responsable du parti, le sujet du bureau politique, affirmant que cet organe sera issu de v\u00e9ritables concertations regroupant l\u2019ensemble des dirigeants et cadres du parti en vue de d\u00e9boucher sur un bureau politique \u00e9quilibr\u00e9.\u00a0 La nouvelle composante du bureau politique qui pourrait \u00eatre d\u00e9voil\u00e9e jeudi prochain doit \u00eatre pl\u00e9biscit\u00e9e par le comit\u00e9 central.<br \/>Le bureau actuel compte 19 membres. Par ailleurs, la question du dialogue national, auquel avait appel\u00e9 le chef de l\u2019Etat, Abdelkader Bensalah, rev\u00eat un int\u00e9r\u00eat particulier pour le parti du FLN, en ce sens que M. Djemai a affirm\u00e9 \u00e0 maintes reprises que la conjoncture exceptionnelle que traverse le pays exigeait la r\u00e9ussite de cette d\u00e9marche constructive qui doit mener \u00e0 l\u2019organisation d\u2019une \u00e9lection pr\u00e9sidentielle dans les plus brefs d\u00e9lais.\u00a0<\/p>\n<p>Auteur: elmoudjahid<br \/>\n<a href=\"http:\/\/www.elmoudjahid.com\/fr\/actualites\/139717\">Cliquez ici pour lire l&rsquo;article depuis sa source.<\/a><\/p>\n","protected":false},"excerpt":{"rendered":"<p>Le Comit\u00e9 central (CC) du parti du Front de lib\u00e9ration nationale (FLN) tiendra, demain, sa premi\u00e8re session ordinaire depuis l\u2019\u00e9lection de Mohamed Djemai en qualit\u00e9 de Secr\u00e9taire g\u00e9n\u00e9ral (SG) du parti, et pourrait avoir pour ordre du jour la recomposition du Bureau politique (BP) et l\u2019examen d\u2019autres questions politiques, en t\u00eate desquelles le dialogue national.L\u2019ordre [&hellip;]<\/p>\n","protected":false},"author":1744,"featured_media":0,"comment_status":"closed","ping_status":"closed","sticky":false,"template":"","format":"standard","meta":{"fifu_image_url":"","fifu_image_alt":"","footnotes":""},"categories":[73,53],"tags":[],"class_list":["post-48123","post","type-post","status-publish","format-standard","hentry","category-actualite","category-algerie"],"_links":{"self":[{"href":"https:\/\/linitiative.ca\/International\/wp-json\/wp\/v2\/posts\/48123","targetHints":{"allow":["GET"]}}],"collection":[{"href":"https:\/\/linitiative.ca\/International\/wp-json\/wp\/v2\/posts"}],"about":[{"href":"https:\/\/linitiative.ca\/International\/wp-json\/wp\/v2\/types\/post"}],"author":[{"embeddable":true,"href":"https:\/\/linitiative.ca\/International\/wp-json\/wp\/v2\/users\/1744"}],"replies":[{"embeddable":true,"href":"https:\/\/linitiative.ca\/International\/wp-json\/wp\/v2\/comments?post=48123"}],"version-history":[{"count":0,"href":"https:\/\/linitiative.ca\/International\/wp-json\/wp\/v2\/posts\/48123\/revisions"}],"wp:attachment":[{"href":"https:\/\/linitiative.ca\/International\/wp-json\/wp\/v2\/media?parent=48123"}],"wp:term":[{"taxonomy":"category","embeddable":true,"href":"https:\/\/linitiative.ca\/International\/wp-json\/wp\/v2\/categories?post=48123"},{"taxonomy":"post_tag","embeddable":true,"href":"https:\/\/linitiative.ca\/International\/wp-json\/wp\/v2\/tags?post=48123"}],"curies":[{"name":"wp","href":"https:\/\/api.w.org\/{rel}","templated":true}]}}