{"id":48124,"date":"2019-07-23T19:00:00","date_gmt":"2019-07-23T23:00:00","guid":{"rendered":"https:\/\/linitiative.ca\/International\/taj-un-president-par-interim-le-2-aout\/"},"modified":"2019-07-23T19:00:00","modified_gmt":"2019-07-23T23:00:00","slug":"taj-un-president-par-interim-le-2-aout","status":"publish","type":"post","link":"https:\/\/linitiative.ca\/International\/taj-un-president-par-interim-le-2-aout\/","title":{"rendered":"TAJ : Un pr\u00e9sident par int\u00e9rim le 2 ao\u00fbt"},"content":{"rendered":"<p>Le bureau politique du parti de Tajamou Amel El-Djaza\u00efr (TAJ), a d\u00e9cid\u00e9 lundi, de tenir une session extraordinaire de son Conseil national (CN) le 2 ao\u00fbt pour l\u2019\u00e9lection d\u2019un pr\u00e9sident par int\u00e9rim vu l\u2019emp\u00eachement l\u00e9gal du pr\u00e9sident du parti, Amar Ghoul, en d\u00e9tention provisoire pour son implication dans des affaires de corruption. \u00abIl a \u00e9t\u00e9 d\u00e9cid\u00e9 de convoquer le CN pour la tenue d\u2019une session extraordinaire vendredi 2 ao\u00fbt tout en chargeant M. Benrabah Benmira de g\u00e9rer provisoirement le parti conform\u00e9ment aux statuts du parti et vu l\u2019emp\u00eachement l\u00e9gal du pr\u00e9sident du parti, Amar Ghoul\u00bb, a pr\u00e9cis\u00e9 un communiqu\u00e9 de cette formation politique \u00e0 l\u2019issue d\u2019une r\u00e9union urgente de son bureau politique pr\u00e9sid\u00e9e par Benrabah Benmira.\u00a0 A ce propos, le charg\u00e9 de communication du parti, Kamel Mida a d\u00e9clar\u00e9 \u00e0 l\u2019APS que \u00able CN proc\u00e8dera lors de sa session extraordinaire \u00e0 l\u2019\u00e9lection d\u2019un pr\u00e9sident par int\u00e9rim jusqu\u2019\u00e0 la tenue du prochain congr\u00e8s\u00bb ajoutant qu\u2019une \u00abcommission charg\u00e9e des pr\u00e9paratifs de ce congr\u00e8s sera mise en place par cette occasion\u00bb. Par ailleurs, le bureau politique de TAJ a appel\u00e9 les militants du parti \u00ab\u00e0 l\u2019adh\u00e9sion aux institutions du parti et \u00e0 la contribution \u00e0 la r\u00e9ussite de son parcours et ses choix\u00bb.<\/p>\n<p>Auteur: elmoudjahid<br \/>\n<a href=\"http:\/\/www.elmoudjahid.com\/fr\/actualites\/139718\">Cliquez ici pour lire l&rsquo;article depuis sa source.<\/a><\/p>\n","protected":false},"excerpt":{"rendered":"<p>Le bureau politique du parti de Tajamou Amel El-Djaza\u00efr (TAJ), a d\u00e9cid\u00e9 lundi, de tenir une session extraordinaire de son Conseil national (CN) le 2 ao\u00fbt pour l\u2019\u00e9lection d\u2019un pr\u00e9sident par int\u00e9rim vu l\u2019emp\u00eachement l\u00e9gal du pr\u00e9sident du parti, Amar Ghoul, en d\u00e9tention provisoire pour son implication dans des affaires de corruption. \u00abIl a \u00e9t\u00e9 [&hellip;]<\/p>\n","protected":false},"author":1744,"featured_media":0,"comment_status":"closed","ping_status":"closed","sticky":false,"template":"","format":"standard","meta":{"fifu_image_url":"","fifu_image_alt":"","footnotes":""},"categories":[73,53],"tags":[],"class_list":["post-48124","post","type-post","status-publish","format-standard","hentry","category-actualite","category-algerie"],"_links":{"self":[{"href":"https:\/\/linitiative.ca\/International\/wp-json\/wp\/v2\/posts\/48124","targetHints":{"allow":["GET"]}}],"collection":[{"href":"https:\/\/linitiative.ca\/International\/wp-json\/wp\/v2\/posts"}],"about":[{"href":"https:\/\/linitiative.ca\/International\/wp-json\/wp\/v2\/types\/post"}],"author":[{"embeddable":true,"href":"https:\/\/linitiative.ca\/International\/wp-json\/wp\/v2\/users\/1744"}],"replies":[{"embeddable":true,"href":"https:\/\/linitiative.ca\/International\/wp-json\/wp\/v2\/comments?post=48124"}],"version-history":[{"count":0,"href":"https:\/\/linitiative.ca\/International\/wp-json\/wp\/v2\/posts\/48124\/revisions"}],"wp:attachment":[{"href":"https:\/\/linitiative.ca\/International\/wp-json\/wp\/v2\/media?parent=48124"}],"wp:term":[{"taxonomy":"category","embeddable":true,"href":"https:\/\/linitiative.ca\/International\/wp-json\/wp\/v2\/categories?post=48124"},{"taxonomy":"post_tag","embeddable":true,"href":"https:\/\/linitiative.ca\/International\/wp-json\/wp\/v2\/tags?post=48124"}],"curies":[{"name":"wp","href":"https:\/\/api.w.org\/{rel}","templated":true}]}}