{"id":48125,"date":"2019-07-23T19:00:00","date_gmt":"2019-07-23T23:00:00","guid":{"rendered":"https:\/\/linitiative.ca\/International\/le-president-de-letat-recoit-le-premier-ministre\/"},"modified":"2019-07-23T19:00:00","modified_gmt":"2019-07-23T23:00:00","slug":"le-president-de-letat-recoit-le-premier-ministre","status":"publish","type":"post","link":"https:\/\/linitiative.ca\/International\/le-president-de-letat-recoit-le-premier-ministre\/","title":{"rendered":"Le pr\u00e9sident de l\u2019\u00e9tat re\u00e7oit le premier ministre"},"content":{"rendered":"<p><strong>Le chef de l\u2019Etat, Abdelkader Bensalah a re\u00e7u, hier \u00e0 Alger, le Premier ministre, Noureddine Bedoui avec lequel il a pass\u00e9 en revue la situation politique et socio-\u00e9conomique du pays, indique un communiqu\u00e9 de la pr\u00e9sidence de la R\u00e9publique.<\/strong><\/p>\n<p>\u00abLe chef de l\u2019Etat Abdelkader Bensalah a re\u00e7u, mardi 23 juillet 2019, le Premier ministre, Noureddine Bedoui, avec lequel il a pass\u00e9 en revue, dans le cadre de son suivi de l\u2019action du Gouvernement, la situation politique et socio-\u00e9conomique du pays\u00bb, pr\u00e9cise le communiqu\u00e9. \u00abLors de cette rencontre, les deux partis ont examin\u00e9 la participation remarquable de notre s\u00e9lection nationale \u00e0 la Coupe d\u2019Afrique des Nations (CAN) abrit\u00e9e par la R\u00e9publique arabe d\u2019Egypte, \u00e0 l\u2019issue de laquelle notre \u00e9quipe nationale a d\u00e9croch\u00e9, avec m\u00e9rite et brio, une deuxi\u00e8me coupe qui vient enrichir son palmar\u00e8s sportif et promouvoir l\u2019image de l\u2019Alg\u00e9rie aussi bien en Afrique que partout dans le monde\u00bb, ajoute la m\u00eame source. Pour le chef de l\u2019Etat, ce sacre \u00abse veut un \u00e9v\u00e9nement sportif historique pour la Nation, ayant apport\u00e9 une joie immense aux Alg\u00e9riens qui ont suivi, corps et \u00e2me, les diff\u00e9rentes rencontres disput\u00e9es par les joueurs de notre s\u00e9lection nationale, lesquels ont contribu\u00e9 au renforcement de la coh\u00e9sion nationale, ce qui justifie sa d\u00e9cision de d\u00e9cerner, \u00e0 titre exceptionnel, aux Verts des m\u00e9dailles de l\u2019Ordre du m\u00e9rite national, en consid\u00e9ration \u00e0 leur exploit historique et honorable et en reconnaissance de leur sacre ayant permis de promouvoir l\u2019image du sport alg\u00e9rien\u00bb. Quant aux efforts consentis par l\u2019Etat, dont l\u2019institution militaire pour accompagner la s\u00e9lection nationale dans son parcours h\u00e9ro\u00efque, le Premier ministre a dress\u00e9 un bilan des moyens assur\u00e9s par l\u2019Etat et le plan mis en place en coordination avec le Commandement de l\u2019ANP pour assurer le retour des supporters alg\u00e9riens du Caire aux diff\u00e9rentes villes alg\u00e9riennes, notamment un pont a\u00e9rien au profit de milliers de supporters alg\u00e9riens. Dans ce sens, M. Bensalah s\u2019est dit satisfait des \u00abefforts consentis qu\u2019un autre pays n\u2019aurait pu d\u00e9ployer en de telles comp\u00e9titions\u00bb, saluant la mobilisation de toutes les institutions de l\u2019Etat dans le but de r\u00e9ussir l\u2019op\u00e9ration de transport des supporteurs, dans un temps record et dans de bonnes conditions\u00bb. Il s\u2019est, \u00e9galement, f\u00e9licit\u00e9 du \u00abhaut professionnalisme ainsi que des efforts consid\u00e9rables d\u00e9ploy\u00e9s par les membres des \u00e9quipages d\u2019avions et des employ\u00e9s des compagnies a\u00e9riennes, des efforts largement appr\u00e9ci\u00e9s par les Alg\u00e9riens\u00bb. Le chef de l\u2019Etat a exprim\u00e9, aussi, sa reconnaissance aux \u00abservices de s\u00e9curit\u00e9 ayant veill\u00e9 au bon d\u00e9roulement des festivit\u00e9s et de l\u2019accueil r\u00e9serv\u00e9 \u00e0 la s\u00e9lection nationale, des c\u00e9l\u00e9brations uniques en leur genre, qui ont fait plaisir aux Alg\u00e9riens\u00bb. S\u2019agissant des affaires internes, le Premier ministre a pr\u00e9sent\u00e9 les r\u00e9sultats de la r\u00e9union interminist\u00e9riel qu\u2019il avait pr\u00e9sid\u00e9, le 21 juillet 2019, dans le cadre \u00abdes pr\u00e9paratifs des prochaines rentr\u00e9es sociale et scolaire\u00bb, notamment en ce qui concerne le parach\u00e8vement de la r\u00e9alisation des nouvelles villes et des p\u00f4les urbains dans notre pays\u00bb. A ce propos, le chef de l\u2019Etat a ordonn\u00e9 au Gouvernement d\u2019\u00abacc\u00e9l\u00e9rer le rythme de r\u00e9alisation des programmes de logements inscrits et autres structures publiques \u00e0 l\u2019image des \u00e9tablissements scolaires et des r\u00e9seaux de VRD, outre le suivi de l\u2019\u00e9tat d\u2019avancement des travaux\u00bb, soulignant la n\u00e9cessit\u00e9 de lever tous les obstacles entravant le parach\u00e8vement de ces projets vitaux, en consacrant le financement n\u00e9cessaire \u00e0 leur r\u00e9alisation, de mani\u00e8re rationnelle, dans le cadre d\u2019une approche respectant les aspirations des citoyens et les caract\u00e9ristiques des villes modernes\u00bb.<\/p>\n<p>Auteur: elmoudjahid<br \/>\n<a href=\"http:\/\/www.elmoudjahid.com\/fr\/actualites\/139719\">Cliquez ici pour lire l&rsquo;article depuis sa source.<\/a><\/p>\n","protected":false},"excerpt":{"rendered":"<p>Le chef de l\u2019Etat, Abdelkader Bensalah a re\u00e7u, hier \u00e0 Alger, le Premier ministre, Noureddine Bedoui avec lequel il a pass\u00e9 en revue la situation politique et socio-\u00e9conomique du pays, indique un communiqu\u00e9 de la pr\u00e9sidence de la R\u00e9publique. \u00abLe chef de l\u2019Etat Abdelkader Bensalah a re\u00e7u, mardi 23 juillet 2019, le Premier ministre, Noureddine [&hellip;]<\/p>\n","protected":false},"author":1744,"featured_media":0,"comment_status":"closed","ping_status":"closed","sticky":false,"template":"","format":"standard","meta":{"fifu_image_url":"","fifu_image_alt":"","footnotes":""},"categories":[73,53],"tags":[],"class_list":["post-48125","post","type-post","status-publish","format-standard","hentry","category-actualite","category-algerie"],"_links":{"self":[{"href":"https:\/\/linitiative.ca\/International\/wp-json\/wp\/v2\/posts\/48125","targetHints":{"allow":["GET"]}}],"collection":[{"href":"https:\/\/linitiative.ca\/International\/wp-json\/wp\/v2\/posts"}],"about":[{"href":"https:\/\/linitiative.ca\/International\/wp-json\/wp\/v2\/types\/post"}],"author":[{"embeddable":true,"href":"https:\/\/linitiative.ca\/International\/wp-json\/wp\/v2\/users\/1744"}],"replies":[{"embeddable":true,"href":"https:\/\/linitiative.ca\/International\/wp-json\/wp\/v2\/comments?post=48125"}],"version-history":[{"count":0,"href":"https:\/\/linitiative.ca\/International\/wp-json\/wp\/v2\/posts\/48125\/revisions"}],"wp:attachment":[{"href":"https:\/\/linitiative.ca\/International\/wp-json\/wp\/v2\/media?parent=48125"}],"wp:term":[{"taxonomy":"category","embeddable":true,"href":"https:\/\/linitiative.ca\/International\/wp-json\/wp\/v2\/categories?post=48125"},{"taxonomy":"post_tag","embeddable":true,"href":"https:\/\/linitiative.ca\/International\/wp-json\/wp\/v2\/tags?post=48125"}],"curies":[{"name":"wp","href":"https:\/\/api.w.org\/{rel}","templated":true}]}}