{"id":48126,"date":"2019-07-23T19:00:00","date_gmt":"2019-07-23T23:00:00","guid":{"rendered":"https:\/\/linitiative.ca\/International\/forum-civil-pour-le-changement-ouvrir-le-processus-du-dialogue-sans-tarder\/"},"modified":"2019-07-23T19:00:00","modified_gmt":"2019-07-23T23:00:00","slug":"forum-civil-pour-le-changement-ouvrir-le-processus-du-dialogue-sans-tarder","status":"publish","type":"post","link":"https:\/\/linitiative.ca\/International\/forum-civil-pour-le-changement-ouvrir-le-processus-du-dialogue-sans-tarder\/","title":{"rendered":"Forum civil pour le changement : Ouvrir le processus du dialogue sans tarder"},"content":{"rendered":"<p>Le pr\u00e9sident du Forum civile pour le changement (FCPC) Abderrahmane Arar, a expliqu\u00e9 que \u00able plus important \u00e0 r\u00e9aliser actuellement est de \u00abs\u2019entendre sur un cadre commun pour le dialogue\u00bb. Dans une interview publi\u00e9e, hier, par le quotidien arabophone El Khabar, M. Arar a expliqu\u00e9 qu\u2019en dehors d\u2019un cadre officiel pour le dialogue, les parties prenantes ne peuvent se r\u00e9unir pour r\u00e9fl\u00e9chir sur une solution politique \u00e0 la crise du pays\u00bb. \u00abLa situation politique intenable nous oblige \u00e0 assumer notre responsabilit\u00e9 historique \u00e0 l\u2019\u00e9gard de notre pays\u00bb, dit-il, avant de signaler \u00e9galement que le panel des personnalit\u00e9s politiques propos\u00e9es\u00a0 pour diriger \u00abl\u2019instance de m\u00e9diation et de dialogue\u00bb ont \u00e9t\u00e9 choisies \u00abau regard de leur contributions et efforts \u00e0 r\u00e9soudre les probl\u00e8mes politiques ainsi que pour ce qu\u2019ils repr\u00e9sentent sur l\u2019\u00e9chiquier politique\u00bb. Sur les r\u00e9serves de certains observateurs \u00e0 propos de la liste des personnalit\u00e9s, Arar a expliqu\u00e9 que l\u2019initiative du FCPC servirait les int\u00e9r\u00eats du pays. \u00abL\u2019instance du dialogue et de m\u00e9diation vise \u00e0 mettre fin \u00e0 la paralysie et \u00e0 ouvrir sans tarder le processus du dialogue\u00bb et de mentionner que \u00abla crise politique actuelle ne s&rsquo;explique pas par l&rsquo;insuffisance des efforts d\u00e9ploy\u00e9s ou des propositions faites en vue de sortir de cette impasse\u00bb.<br \/>Pour M. Arar, \u00able consensus sur la n\u00e9cessit\u00e9 du dialogue existe aupr\u00e8s de classe politique, des acteurs de la soci\u00e9t\u00e9 civile ainsi que des tenants du\u00a0 pouvoir\u00bb mais la probl\u00e9matique est \u00abla d\u00e9finition des\u00a0 m\u00e9canismes et proc\u00e9dures pour le lancement du dialogue\u00bb.\u00a0<br \/>Admettant \u00abl\u2019urgence du dialogue pour le bon fonctionnement des institutions de l\u2019Etat\u00bb, M. Arar a expliqu\u00e9 que \u00abl\u2019exploitation m\u00e9diatique et partisane \u00e9tait pr\u00e9vue\u00bb lors de l\u2019annonce du panel des personnalit\u00e9s ajoutant que le seul souci \u00e9tait de \u00abr\u00e9ussir l\u2019approbation aupr\u00e8s de l\u2019opinion publique\u00bb.<br \/>Il a affirme que le FCPC \u00abpartage avec les personnalit\u00e9s propos\u00e9s leurs positions par rapport aux pr\u00e9alables du dialogue : \u00e0 savoir la lev\u00e9e de toutes les mesures de restrictions \u00e0 l\u2019encontre des manifestants, la lib\u00e9ration du champ d\u2019expression et le respect des libert\u00e9s individuelles\u00bb.<br \/>M. Arar a affirm\u00e9 dans le m\u00eame contexte que le pouvoir a exprim\u00e9, \u00e0 maintes reprises, la volont\u00e9 de rencontrer les acteurs de la soci\u00e9t\u00e9 civile et les repr\u00e9sentants du Hirak, en vue de trouver une issue consensuelle.<br \/>Il pr\u00e9cise que l\u2019initiative du FCPC \u00abn\u2019implique pas tous les acteurs de la soci\u00e9t\u00e9 civile, et n\u2019entend pas parler aux noms de ces derniers\u00bb mais que le plus important est \u00abde r\u00e9unir l\u2019ensemble des bonnes volont\u00e9s autour de la table de dialogue, dans le seul souci de pr\u00e9server la stabilit\u00e9 du pays\u00bb, a-t-il dit. \u00abCes personnalit\u00e9s, que nous avons contact\u00e9es individuellement, depuis le mois de mai dernier ont affich\u00e9 leur volont\u00e9 de participer \u00e0 cette initiative de sortie de crise qui se veut ind\u00e9pendante de toute chapelle politique\u00bb a assur\u00e9 M. Arar,<br \/>Il faut mettre en exergue, dans ce contexte que le chef de l&rsquo;Etat, Abdelkader Bensalah n&rsquo;ayant eu de cesse de pr\u00f4ner un dialogue s&rsquo;est engag\u00e9 \u00e0 en confier la direction \u00e0 des personnalit\u00e9s nationales ind\u00e9pendantes et cr\u00e9dibles, assurant que l&rsquo;Etat ne sera pas partie prenante.<br \/>A rappeler que sur la liste de personnalit\u00e9s d\u00e9voil\u00e9es la semaine derni\u00e8re par le FCPC, figurent les noms de Djamila Bouhired, Mouloud Hamrouche et Mokdad Sifi, l\u2019ancien pr\u00e9sident de l\u2019APN, Karim Youn\u00e8s, et Ahmed Taleb Ibrahimi.<br \/>Les autres personnalit\u00e9s ont \u00e9t\u00e9 choisies parmi les scientifiques, des constitutionnalistes de renom, des hommes de droit, des femmes et des hommes issus de la soci\u00e9t\u00e9 civile, \u00abchoisies pour leur implication avec le Hirak et qui ne sont pas impliqu\u00e9s dans des affaires de corruption et n\u2019ont pas \u00e9t\u00e9 li\u00e9es \u00e0 l\u2019ancien r\u00e9gime et n\u2019ont aucune ambition politique\u00bb, explique M. Arar.La constitutionnaliste Fatiha Benabbou, Islam Benattia, comme repr\u00e9sentant du Hirak, l\u2019avocat Mustapha Bouchachi, le sociologue Nacer Djabi, l\u2019\u00e9conomiste Isma\u00efl Lalmas, le syndicaliste Lyes Merabet, Nafissa Lahr\u00e8che et A\u00efcha Zennai figurent \u00e9galement sur la liste. A signaler que certaines personnalit\u00e9s ont exprim\u00e9s \u00abdes r\u00e9serves\u00bb, concernant la participation aux rencontres que cette instance entend lanc\u00e9e prochainement<br \/>\u00a0\u00a0\u00a0 Tahar Kaidi<br \/>\u00a0<\/p>\n<p>Auteur: elmoudjahid<br \/>\n<a href=\"http:\/\/www.elmoudjahid.com\/fr\/actualites\/139720\">Cliquez ici pour lire l&rsquo;article depuis sa source.<\/a><\/p>\n","protected":false},"excerpt":{"rendered":"<p>Le pr\u00e9sident du Forum civile pour le changement (FCPC) Abderrahmane Arar, a expliqu\u00e9 que \u00able plus important \u00e0 r\u00e9aliser actuellement est de \u00abs\u2019entendre sur un cadre commun pour le dialogue\u00bb. Dans une interview publi\u00e9e, hier, par le quotidien arabophone El Khabar, M. Arar a expliqu\u00e9 qu\u2019en dehors d\u2019un cadre officiel pour le dialogue, les parties [&hellip;]<\/p>\n","protected":false},"author":1744,"featured_media":0,"comment_status":"closed","ping_status":"closed","sticky":false,"template":"","format":"standard","meta":{"fifu_image_url":"","fifu_image_alt":"","footnotes":""},"categories":[73,53],"tags":[],"class_list":["post-48126","post","type-post","status-publish","format-standard","hentry","category-actualite","category-algerie"],"_links":{"self":[{"href":"https:\/\/linitiative.ca\/International\/wp-json\/wp\/v2\/posts\/48126","targetHints":{"allow":["GET"]}}],"collection":[{"href":"https:\/\/linitiative.ca\/International\/wp-json\/wp\/v2\/posts"}],"about":[{"href":"https:\/\/linitiative.ca\/International\/wp-json\/wp\/v2\/types\/post"}],"author":[{"embeddable":true,"href":"https:\/\/linitiative.ca\/International\/wp-json\/wp\/v2\/users\/1744"}],"replies":[{"embeddable":true,"href":"https:\/\/linitiative.ca\/International\/wp-json\/wp\/v2\/comments?post=48126"}],"version-history":[{"count":0,"href":"https:\/\/linitiative.ca\/International\/wp-json\/wp\/v2\/posts\/48126\/revisions"}],"wp:attachment":[{"href":"https:\/\/linitiative.ca\/International\/wp-json\/wp\/v2\/media?parent=48126"}],"wp:term":[{"taxonomy":"category","embeddable":true,"href":"https:\/\/linitiative.ca\/International\/wp-json\/wp\/v2\/categories?post=48126"},{"taxonomy":"post_tag","embeddable":true,"href":"https:\/\/linitiative.ca\/International\/wp-json\/wp\/v2\/tags?post=48126"}],"curies":[{"name":"wp","href":"https:\/\/api.w.org\/{rel}","templated":true}]}}