{"id":48130,"date":"2019-07-24T07:59:02","date_gmt":"2019-07-24T11:59:02","guid":{"rendered":"https:\/\/linitiative.ca\/International\/92395-football-oran-produira-d-autres-belaili-et-bounedjah-si-on-lui-donne-plus-de-moyens\/"},"modified":"2019-07-24T07:59:02","modified_gmt":"2019-07-24T11:59:02","slug":"92395-football-oran-produira-d-autres-belaili-et-bounedjah-si-on-lui-donne-plus-de-moyens","status":"publish","type":"post","link":"https:\/\/linitiative.ca\/International\/92395-football-oran-produira-d-autres-belaili-et-bounedjah-si-on-lui-donne-plus-de-moyens\/","title":{"rendered":"Football : \u00ab\u00a0Oran produira d\u2019autres Bela\u00efli et Bounedjah si on lui donne plus de moyens\u00a0\u00bb  \u00a0"},"content":{"rendered":"<div>\n<div class=\"K2FeedImage\"><img decoding=\"async\" src=\"http:\/\/www.aps.dz\/media\/k2\/items\/cache\/fa173e0def62961d70db6ee0ff2fd328_S.jpg\" alt=\"Football : \" oran produira d bela et bounedjah si on lui donne plus de moyens><\/div>\n<div class=\"K2FeedIntroText\">\n<p><strong>ORAN &#8211; L\u2019ancien champion d\u2019Afrique avec la s\u00e9lection alg\u00e9rienne de football 1990, Si Tahar Cherif El Ouezzani, a estim\u00e9 qu\u2019Oran a besoin de moyens pour produire d\u2019autres joueurs de la trempe de Bounedjah et Bela\u00efli.<\/strong><\/p>\n<\/div>\n<div class=\"K2FeedFullText\">\n<p>Ces deux enfants de la ville ont contribu\u00e9 grandement au deuxi\u00e8me troph\u00e9e continental remport\u00e9 par l\u2019Alg\u00e9rie lors de la Coupe d\u2019Afrique des nations (CAN-2019) cl\u00f4tur\u00e9e vendredi dernier au Caire.<\/p>\n<p>\u00ab\u00a0Bounedjah et Bela\u00efli, qui ont r\u00e9alis\u00e9 une tr\u00e8s bonne CAN, ont prouv\u00e9 qu\u2019Oran produit toujours des joueurs de talent, exactement comme dans le pass\u00e9, sauf que depuis plusieurs ann\u00e9es, elle commence \u00e0 marquer le pas \u00e0 cause des moyens d\u00e9risoires dont disposent les clubs locaux et \u00e0 tous les niveaux\u00a0\u00bb, a d\u00e9plor\u00e9 Cherif El Ouezzani dans une d\u00e9claration \u00e0 l\u2019APS.<\/p>\n<p>Actuel entraineur et directeur g\u00e9n\u00e9ral du MC Oran, Cherif El Ouezzani, ainsi que son ancien co\u00e9quipier en \u00e9quipe nationale, Ali Benhalima, \u00e9taient \u00e9galement les repr\u00e9sentants de la capitale de l\u2019Ouest du pays, lors de la CAN-1990 organis\u00e9e en Alg\u00e9rie, et qui avait vu le pays s\u2019offrir son premier troph\u00e9e continental dans la discipline.<\/p>\n<hr>\n<h3 class=\"allmode-title\">Lire aussi:\u00a0<a href=\"http:\/\/www.aps.dz\/sport\/92328-can-2019-bounedjah-et-belaili-honores-par-le-wali-d-oran\">CAN 2019: Bounedjah et Bela\u00efli honor\u00e9s par le wali d\u2019Oran<\/a><\/h3>\n<hr>\n<p>\u00ab\u00a0Le football en particulier et le sport en g\u00e9n\u00e9ral \u00e0 Oran souffrent le martyre, ce qui conduit la plupart des bons joueurs et athl\u00e8tes \u00e0 quitter les clubs locaux pour aller monnayer leurs talents ailleurs.<\/p>\n<p>Nous souhaitons plus de consid\u00e9ration \u00e0 l\u2019avenir\u00a0\u00bb, a-t-il esp\u00e9r\u00e9.<\/p>\n<p>Il a notamment insist\u00e9 sur la n\u00e9cessit\u00e9 d\u2019affilier les clubs phares de la wilaya, aussi bien en football que dans d\u2019autres sports, \u00e0 des \u00ab\u00a0entreprises \u00e9conomiques publiques, comme c\u2019est le cas pour certaines formations de l\u2019\u00e9lite\u00a0\u00bb.<\/p>\n<p>\u00ab\u00a0Prenez l\u2019exemple du MCO o\u00f9 nous avons eu toutes les peines du monde pour d\u00e9marrer les pr\u00e9paratifs de la nouvelle saison, alors qu\u2019\u00e0 l\u2019ASM Oran la situation est encore plus d\u00e9licate. Si on veut doter les \u00e9quipes nationales de joueurs de la valeur de Bounedjah et Bela\u00efli, on doit accorder plus de moyens au sport oranais car il rec\u00e8le \u00e9norm\u00e9ment de talents\u00a0\u00bb, a-t-il conseill\u00e9.<\/p>\n<p>Le coach mouloud\u00e9en a \u00e9tay\u00e9 ses dires par le \u00ab\u00a0nombre important de joueurs issus d\u2019Oran qui font les beaux jours d\u2019autres clubs alg\u00e9riens\u00a0\u00bb, a-t-il dit, ajoutant qu\u2019elles sont aussi \u00ab\u00a0nombreuses les formations locales \u00e0 faire leurs \u00ab\u00a0emplettes\u00a0\u00bb dans les cat\u00e9gories jeunes m\u00eames des \u00e9quipes oranaises, et ce, dans toutes les disciplines pratiquement\u00a0\u00bb.<\/p>\n<p><strong>\u00a0<\/strong><\/p>\n<\/div>\n<p><img loading=\"lazy\" decoding=\"async\" src=\"http:\/\/feeds.feedburner.com\/~r\/aps-sport\/~4\/_jhkTCq-0OY\" height=\"1\" width=\"1\" alt=\"\"><\/div>\n<p>Auteur:<br \/>\n<a href=\"http:\/\/www.aps.dz\/sport\/92395-football-oran-produira-d-autres-belaili-et-bounedjah-si-on-lui-donne-plus-de-moyens?utm_source=feedburner&#038;utm_medium=feed&#038;utm_campaign=Feed%3A+aps-sport+%28APS+-+SPORT%29\">Cliquez ici pour lire l&rsquo;article depuis sa source.<\/a><\/p>\n","protected":false},"excerpt":{"rendered":"<p>ORAN &#8211; L\u2019ancien champion d\u2019Afrique avec la s\u00e9lection alg\u00e9rienne de football 1990, Si Tahar Cherif El Ouezzani, a estim\u00e9 qu\u2019Oran a besoin de moyens pour produire d\u2019autres joueurs de la trempe de Bounedjah et Bela\u00efli. Ces deux enfants de la ville ont contribu\u00e9 grandement au deuxi\u00e8me troph\u00e9e continental remport\u00e9 par l\u2019Alg\u00e9rie lors de la Coupe [&hellip;]<\/p>\n","protected":false},"author":1790,"featured_media":48131,"comment_status":"closed","ping_status":"closed","sticky":false,"template":"","format":"standard","meta":{"fifu_image_url":"","fifu_image_alt":"","footnotes":""},"categories":[53,75],"tags":[],"class_list":["post-48130","post","type-post","status-publish","format-standard","has-post-thumbnail","hentry","category-algerie","category-sport"],"_links":{"self":[{"href":"https:\/\/linitiative.ca\/International\/wp-json\/wp\/v2\/posts\/48130","targetHints":{"allow":["GET"]}}],"collection":[{"href":"https:\/\/linitiative.ca\/International\/wp-json\/wp\/v2\/posts"}],"about":[{"href":"https:\/\/linitiative.ca\/International\/wp-json\/wp\/v2\/types\/post"}],"author":[{"embeddable":true,"href":"https:\/\/linitiative.ca\/International\/wp-json\/wp\/v2\/users\/1790"}],"replies":[{"embeddable":true,"href":"https:\/\/linitiative.ca\/International\/wp-json\/wp\/v2\/comments?post=48130"}],"version-history":[{"count":0,"href":"https:\/\/linitiative.ca\/International\/wp-json\/wp\/v2\/posts\/48130\/revisions"}],"wp:featuredmedia":[{"embeddable":true,"href":"https:\/\/linitiative.ca\/International\/wp-json\/"}],"wp:attachment":[{"href":"https:\/\/linitiative.ca\/International\/wp-json\/wp\/v2\/media?parent=48130"}],"wp:term":[{"taxonomy":"category","embeddable":true,"href":"https:\/\/linitiative.ca\/International\/wp-json\/wp\/v2\/categories?post=48130"},{"taxonomy":"post_tag","embeddable":true,"href":"https:\/\/linitiative.ca\/International\/wp-json\/wp\/v2\/tags?post=48130"}],"curies":[{"name":"wp","href":"https:\/\/api.w.org\/{rel}","templated":true}]}}