{"id":48132,"date":"2019-07-24T10:22:38","date_gmt":"2019-07-24T14:22:38","guid":{"rendered":"https:\/\/linitiative.ca\/International\/92398-cyclisme-le-president-de-la-lac-auditionne-par-la-commission-de-discipline-de-la-fac\/"},"modified":"2019-07-24T10:22:38","modified_gmt":"2019-07-24T14:22:38","slug":"92398-cyclisme-le-president-de-la-lac-auditionne-par-la-commission-de-discipline-de-la-fac","status":"publish","type":"post","link":"https:\/\/linitiative.ca\/International\/92398-cyclisme-le-president-de-la-lac-auditionne-par-la-commission-de-discipline-de-la-fac\/","title":{"rendered":"Cyclisme: le pr\u00e9sident de la LAC auditionn\u00e9 par la Commission de discipline de la FAC"},"content":{"rendered":"<div>\n<div class=\"K2FeedImage\"><img decoding=\"async\" src=\"http:\/\/www.aps.dz\/media\/k2\/items\/cache\/0a2c3c1dccdc2744a422a45eb1c36a66_S.jpg\" alt=\"Cyclisme: le pr\u00e9sident de la LAC auditionn\u00e9 par la Commission de discipline de la FAC\"><\/div>\n<div class=\"K2FeedIntroText\">\n<p><strong>ALGER &#8211; Messaoud Daoud, le pr\u00e9sident de la Ligue alg\u00e9roise de cyclisme (LAC) a \u00e9t\u00e9 auditionn\u00e9 mardi par la commission de discipline de la f\u00e9d\u00e9ration alg\u00e9rienne de la discipline, lui ayant reproch\u00e9 entre autres d&rsquo;avoir port\u00e9 atteinte \u00e0 sa stabilit\u00e9.<\/strong><\/p>\n<\/div>\n<div class=\"K2FeedFullText\">\n<p>\u00ab\u00a0Le pr\u00e9sident de la Ligue d&rsquo;Alger a \u00e9t\u00e9 auditionn\u00e9 mardi et le verdict sera prononc\u00e9 prochainement\u00a0\u00bb a-t-on appris aupr\u00e8s de la FAC.<\/p>\n<hr>\n<h3>Lire aussi:\u00a0<a href=\"http:\/\/www.aps.dz\/sport\/91713-cyclisme-algerie-instance-le-president-de-la-ligue-d-alger-appele-a-comparaitre-devant-la-commission-de-discipline\" target=\"_blank\" rel=\"noopener noreferrer\">Cyclisme: le pr\u00e9sident de la LAC appel\u00e9 devant la commission de Discipline<\/a><\/h3>\n<hr>\n<p>La commission de discipline de la FAC a \u00e9t\u00e9 install\u00e9e le 3 juin dernier, pendant l&rsquo;Assembl\u00e9e g\u00e9n\u00e9rale ordinaire de l&rsquo;instance (AGO) qui s&rsquo;\u00e9tait tenue \u00e0 A\u00efn-Timouchent. Elle se compose de Walid Keba\u00efli, Ahmed Zerguine et Hocine Zahar.<\/p>\n<p>Outre le fait d&rsquo;avoir port\u00e9 atteinte \u00e0 la stabilit\u00e9 de l&rsquo;instance, en contestant notamment les conditions dans lesquelles s&rsquo;est d\u00e9roul\u00e9e cette AGO, la FAC a consid\u00e9r\u00e9 que Messaoud Daoud avait outrepass\u00e9 ses pr\u00e9rogatives, en invitant un club espagnol \u00e0 participer au Grand Prix cycliste d&rsquo;Alger, qu&rsquo;il souhaitait organiser alors qu&rsquo;\u00e0 ce moment-l\u00e0, la F\u00e9d\u00e9ration \u00e9tait encore en veilleuse.<\/p>\n<\/div>\n<p><img loading=\"lazy\" decoding=\"async\" src=\"http:\/\/feeds.feedburner.com\/~r\/aps-sport\/~4\/asyohua6Gvs\" height=\"1\" width=\"1\" alt=\"\"><\/div>\n<p>Auteur:<br \/>\n<a href=\"http:\/\/www.aps.dz\/sport\/92398-cyclisme-le-president-de-la-lac-auditionne-par-la-commission-de-discipline-de-la-fac?utm_source=feedburner&#038;utm_medium=feed&#038;utm_campaign=Feed%3A+aps-sport+%28APS+-+SPORT%29\">Cliquez ici pour lire l&rsquo;article depuis sa source.<\/a><\/p>\n","protected":false},"excerpt":{"rendered":"<p>ALGER &#8211; Messaoud Daoud, le pr\u00e9sident de la Ligue alg\u00e9roise de cyclisme (LAC) a \u00e9t\u00e9 auditionn\u00e9 mardi par la commission de discipline de la f\u00e9d\u00e9ration alg\u00e9rienne de la discipline, lui ayant reproch\u00e9 entre autres d&rsquo;avoir port\u00e9 atteinte \u00e0 sa stabilit\u00e9. \u00ab\u00a0Le pr\u00e9sident de la Ligue d&rsquo;Alger a \u00e9t\u00e9 auditionn\u00e9 mardi et le verdict sera prononc\u00e9 [&hellip;]<\/p>\n","protected":false},"author":1790,"featured_media":48133,"comment_status":"closed","ping_status":"closed","sticky":false,"template":"","format":"standard","meta":{"fifu_image_url":"","fifu_image_alt":"","footnotes":""},"categories":[53,75],"tags":[],"class_list":["post-48132","post","type-post","status-publish","format-standard","has-post-thumbnail","hentry","category-algerie","category-sport"],"_links":{"self":[{"href":"https:\/\/linitiative.ca\/International\/wp-json\/wp\/v2\/posts\/48132","targetHints":{"allow":["GET"]}}],"collection":[{"href":"https:\/\/linitiative.ca\/International\/wp-json\/wp\/v2\/posts"}],"about":[{"href":"https:\/\/linitiative.ca\/International\/wp-json\/wp\/v2\/types\/post"}],"author":[{"embeddable":true,"href":"https:\/\/linitiative.ca\/International\/wp-json\/wp\/v2\/users\/1790"}],"replies":[{"embeddable":true,"href":"https:\/\/linitiative.ca\/International\/wp-json\/wp\/v2\/comments?post=48132"}],"version-history":[{"count":0,"href":"https:\/\/linitiative.ca\/International\/wp-json\/wp\/v2\/posts\/48132\/revisions"}],"wp:featuredmedia":[{"embeddable":true,"href":"https:\/\/linitiative.ca\/International\/wp-json\/"}],"wp:attachment":[{"href":"https:\/\/linitiative.ca\/International\/wp-json\/wp\/v2\/media?parent=48132"}],"wp:term":[{"taxonomy":"category","embeddable":true,"href":"https:\/\/linitiative.ca\/International\/wp-json\/wp\/v2\/categories?post=48132"},{"taxonomy":"post_tag","embeddable":true,"href":"https:\/\/linitiative.ca\/International\/wp-json\/wp\/v2\/tags?post=48132"}],"curies":[{"name":"wp","href":"https:\/\/api.w.org\/{rel}","templated":true}]}}