{"id":48134,"date":"2019-07-24T10:20:12","date_gmt":"2019-07-24T14:20:12","guid":{"rendered":"https:\/\/linitiative.ca\/International\/92400-can-2019-la-police-belge-felicite-les-supporters-algeriens-pour-leur-comportement-irreprochable\/"},"modified":"2019-07-24T10:20:12","modified_gmt":"2019-07-24T14:20:12","slug":"92400-can-2019-la-police-belge-felicite-les-supporters-algeriens-pour-leur-comportement-irreprochable","status":"publish","type":"post","link":"https:\/\/linitiative.ca\/International\/92400-can-2019-la-police-belge-felicite-les-supporters-algeriens-pour-leur-comportement-irreprochable\/","title":{"rendered":"CAN 2019: les supporters alg\u00e9riens f\u00e9licit\u00e9s pour leur comportement irr\u00e9prochable"},"content":{"rendered":"<div>\n<div class=\"K2FeedImage\"><img decoding=\"async\" src=\"http:\/\/www.aps.dz\/media\/k2\/items\/cache\/0f844e0c6796e5f95a5b81b8a61fa440_S.jpg\" alt=\"CAN 2019: les supporters alg\u00e9riens f\u00e9licit\u00e9s pour leur comportement irr\u00e9prochable\"><\/div>\n<div class=\"K2FeedIntroText\">\n<p><strong>BRUXELLES &#8211; La police de Charleroi en Belgique a adress\u00e9 un message de remerciement et de f\u00e9licitation aux supporters de l&rsquo;\u00e9quipe alg\u00e9rienne de football pour leur comportement irr\u00e9prochable lors de la finale de la CAN 2019 qui s&rsquo;est d\u00e9roul\u00e9e en Egypte.<\/strong><\/p>\n<\/div>\n<div class=\"K2FeedFullText\">\n<p>Contrairement aux incidents qui ont eu lieu dans quelques villes de France lors des c\u00e9l\u00e9brations de la victoire de l\u2019\u00e9quipe d\u2019Alg\u00e9rie de football \u00e0 la finale de la Coupe d\u2019Afrique des nations (CAN) 2019, les supporters des Fennecs de la ville de Charleroi, en Belgique, ont eu un comportement exemplaire salu\u00e9 par la police locale. En effet, sur son compte Facebook, celle-ci a affirm\u00e9, s\u2019adressant aux supporters: <em><strong>\u00ab\u00a0pour nous, les champions, c&rsquo;\u00e9tait vous ce soir-l\u00e0!<\/strong><\/em>\u00ab\u00a0. <em><strong>\u00ab\u00a0Parce que quand c&rsquo;est bien, il faut le dire&#8230;\u00a0\u00bb<\/strong><\/em>, est-il \u00e9crit dans le m\u00eame message.<\/p>\n<p>\u00ab\u00a0Apr\u00e8s avoir proc\u00e9d\u00e9 \u00e0 l&rsquo;arrestation administrative de 5 \u00e9nergum\u00e8nes bien connus de nos services pour \u00eatre des perturbateurs totalement \u00e9trangers \u00e0 la f\u00eate du foot, les anciens ont canalis\u00e9 la joie des plus jeunes en faisant respecter les consignes des policiers sur place qui ont pu constater qu&rsquo;aucun incident n&rsquo;\u00e9tait \u00e0 d\u00e9plorer\u00a0\u00bb, a indiqu\u00e9 la police de Charleroi. \u00ab\u00a0Au contraire, cet \u00e9v\u00e9nement fut un exemple de gestion n\u00e9goci\u00e9e de l&rsquo;espace public dans une atmosph\u00e8re constructive avec les participants\u00a0\u00bb, a-t-elle ajout\u00e9.<\/p>\n<p>S\u2019adressant aux fans de l\u2019\u00e9quipe alg\u00e9rienne (de 600 \u00e0 700 personnes) pr\u00e9sents sur la place du Man\u00e8ge, la police a lanc\u00e9: \u00ab\u00a0bravo aux supporters de l&rsquo;\u00e9quipe d&rsquo;Alg\u00e9rie \u00e0 Charleroi qui ont m\u00eame pouss\u00e9 la correction \u00e0 ramasser les d\u00e9chets caus\u00e9s par la f\u00eate pour les mettre dans des sacs poubelles apport\u00e9s avec eux\u00a0\u00bb. Dans la soir\u00e9e du 14 juillet, 282 individus ont \u00e9t\u00e9 interpell\u00e9s en France pour des violences et des d\u00e9gradations en marge de la victoire de l&rsquo;Alg\u00e9rie contre le Nigeria, en demi-finale de la CAN 2019.<\/p>\n<p style=\"text-align: center;\">\u00a0<img decoding=\"async\" src=\"http:\/\/www.aps.dz\/images\/police_charleroi.jpg\" alt=\"\"><\/p>\n<\/div>\n<p><img loading=\"lazy\" decoding=\"async\" src=\"http:\/\/feeds.feedburner.com\/~r\/aps-sport\/~4\/Ma8Z31ds7_U\" height=\"1\" width=\"1\" alt=\"\"><\/div>\n<p>Auteur:<br \/>\n<a href=\"http:\/\/www.aps.dz\/sport\/92400-can-2019-la-police-belge-felicite-les-supporters-algeriens-pour-leur-comportement-irreprochable?utm_source=feedburner&#038;utm_medium=feed&#038;utm_campaign=Feed%3A+aps-sport+%28APS+-+SPORT%29\">Cliquez ici pour lire l&rsquo;article depuis sa source.<\/a><\/p>\n","protected":false},"excerpt":{"rendered":"<p>BRUXELLES &#8211; La police de Charleroi en Belgique a adress\u00e9 un message de remerciement et de f\u00e9licitation aux supporters de l&rsquo;\u00e9quipe alg\u00e9rienne de football pour leur comportement irr\u00e9prochable lors de la finale de la CAN 2019 qui s&rsquo;est d\u00e9roul\u00e9e en Egypte. Contrairement aux incidents qui ont eu lieu dans quelques villes de France lors des [&hellip;]<\/p>\n","protected":false},"author":1790,"featured_media":48135,"comment_status":"closed","ping_status":"closed","sticky":false,"template":"","format":"standard","meta":{"fifu_image_url":"","fifu_image_alt":"","footnotes":""},"categories":[53,75],"tags":[],"class_list":["post-48134","post","type-post","status-publish","format-standard","has-post-thumbnail","hentry","category-algerie","category-sport"],"_links":{"self":[{"href":"https:\/\/linitiative.ca\/International\/wp-json\/wp\/v2\/posts\/48134","targetHints":{"allow":["GET"]}}],"collection":[{"href":"https:\/\/linitiative.ca\/International\/wp-json\/wp\/v2\/posts"}],"about":[{"href":"https:\/\/linitiative.ca\/International\/wp-json\/wp\/v2\/types\/post"}],"author":[{"embeddable":true,"href":"https:\/\/linitiative.ca\/International\/wp-json\/wp\/v2\/users\/1790"}],"replies":[{"embeddable":true,"href":"https:\/\/linitiative.ca\/International\/wp-json\/wp\/v2\/comments?post=48134"}],"version-history":[{"count":0,"href":"https:\/\/linitiative.ca\/International\/wp-json\/wp\/v2\/posts\/48134\/revisions"}],"wp:featuredmedia":[{"embeddable":true,"href":"https:\/\/linitiative.ca\/International\/wp-json\/"}],"wp:attachment":[{"href":"https:\/\/linitiative.ca\/International\/wp-json\/wp\/v2\/media?parent=48134"}],"wp:term":[{"taxonomy":"category","embeddable":true,"href":"https:\/\/linitiative.ca\/International\/wp-json\/wp\/v2\/categories?post=48134"},{"taxonomy":"post_tag","embeddable":true,"href":"https:\/\/linitiative.ca\/International\/wp-json\/wp\/v2\/tags?post=48134"}],"curies":[{"name":"wp","href":"https:\/\/api.w.org\/{rel}","templated":true}]}}