{"id":48143,"date":"2019-07-24T14:51:59","date_gmt":"2019-07-24T18:51:59","guid":{"rendered":"https:\/\/linitiative.ca\/International\/92431-federation-algerienne-de-football-report-de-la-reunion-du-bureau-federal-au-30-juillet\/"},"modified":"2019-07-24T14:51:59","modified_gmt":"2019-07-24T18:51:59","slug":"92431-federation-algerienne-de-football-report-de-la-reunion-du-bureau-federal-au-30-juillet","status":"publish","type":"post","link":"https:\/\/linitiative.ca\/International\/92431-federation-algerienne-de-football-report-de-la-reunion-du-bureau-federal-au-30-juillet\/","title":{"rendered":"F\u00e9d\u00e9ration alg\u00e9rienne de football : report de la r\u00e9union du bureau f\u00e9d\u00e9ral au 30 juillet"},"content":{"rendered":"<div>\n<div class=\"K2FeedIntroText\">\n<p><strong>ALGER &#8211; La r\u00e9union du bureau f\u00e9d\u00e9ral de la F\u00e9d\u00e9ration alg\u00e9rienne de football (FAF), pr\u00e9vue initialement ce jeudi, a \u00e9t\u00e9 report\u00e9e au mardi 30 juillet, a-t-on appris aupr\u00e8s de la FAF, qui n&rsquo;a pas pr\u00e9cis\u00e9 les raisons de ce report.<\/strong><\/p>\n<\/div>\n<div class=\"K2FeedFullText\">\n<p>Plusieurs points seront \u00e0 l&rsquo;ordre du jour de cette r\u00e9union qui sera pr\u00e9sid\u00e9e par Kheireddine Zetchi, entre autres l&rsquo;\u00e9valuation de la participation de la s\u00e9lection nationale \u00e0 la Coupe d&rsquo;Afrique des nations en Egypte (21 juin &#8211; 19 juillet), remport\u00e9e par les Verts devant le S\u00e9n\u00e9gal (1-0), ainsi que les pr\u00e9paratifs pour la nouvelle saison footballistique et le d\u00e9but du Championnat de Ligue 1 et Ligue 2, pr\u00e9vu les 14 et 15 ao\u00fbt prochains. \u00a0<\/p>\n<p>D&rsquo;autre part, la FAF est en train d\u2019\u00e9tudier la possibilit\u00e9 de faire voyager le troph\u00e9e de la CAN 2019 \u00e0 travers les diff\u00e9rentes wilayas du pays afin de faire partager ce sacre avec le peuple alg\u00e9rien dont le soutien et l\u2019affection ont \u00e9t\u00e9, une nouvelle fois, exceptionnels.<\/p>\n<p>\u00a0\u00a0\u00a0\u00a0\u00a0\u00a0\u00a0\u00a0<\/p>\n<p>\u00a0<\/p>\n<\/div>\n<p><img loading=\"lazy\" decoding=\"async\" src=\"http:\/\/feeds.feedburner.com\/~r\/aps-sport\/~4\/VM3PNrGw0CA\" height=\"1\" width=\"1\" alt=\"\"><\/div>\n<p>Auteur:<br \/>\n<a href=\"http:\/\/www.aps.dz\/sport\/92431-federation-algerienne-de-football-report-de-la-reunion-du-bureau-federal-au-30-juillet?utm_source=feedburner&#038;utm_medium=feed&#038;utm_campaign=Feed%3A+aps-sport+%28APS+-+SPORT%29\">Cliquez ici pour lire l&rsquo;article depuis sa source.<\/a><\/p>\n","protected":false},"excerpt":{"rendered":"<p>ALGER &#8211; La r\u00e9union du bureau f\u00e9d\u00e9ral de la F\u00e9d\u00e9ration alg\u00e9rienne de football (FAF), pr\u00e9vue initialement ce jeudi, a \u00e9t\u00e9 report\u00e9e au mardi 30 juillet, a-t-on appris aupr\u00e8s de la FAF, qui n&rsquo;a pas pr\u00e9cis\u00e9 les raisons de ce report. Plusieurs points seront \u00e0 l&rsquo;ordre du jour de cette r\u00e9union qui sera pr\u00e9sid\u00e9e par Kheireddine [&hellip;]<\/p>\n","protected":false},"author":1790,"featured_media":0,"comment_status":"closed","ping_status":"closed","sticky":false,"template":"","format":"standard","meta":{"fifu_image_url":"","fifu_image_alt":"","footnotes":""},"categories":[53,75],"tags":[],"class_list":["post-48143","post","type-post","status-publish","format-standard","hentry","category-algerie","category-sport"],"_links":{"self":[{"href":"https:\/\/linitiative.ca\/International\/wp-json\/wp\/v2\/posts\/48143","targetHints":{"allow":["GET"]}}],"collection":[{"href":"https:\/\/linitiative.ca\/International\/wp-json\/wp\/v2\/posts"}],"about":[{"href":"https:\/\/linitiative.ca\/International\/wp-json\/wp\/v2\/types\/post"}],"author":[{"embeddable":true,"href":"https:\/\/linitiative.ca\/International\/wp-json\/wp\/v2\/users\/1790"}],"replies":[{"embeddable":true,"href":"https:\/\/linitiative.ca\/International\/wp-json\/wp\/v2\/comments?post=48143"}],"version-history":[{"count":0,"href":"https:\/\/linitiative.ca\/International\/wp-json\/wp\/v2\/posts\/48143\/revisions"}],"wp:attachment":[{"href":"https:\/\/linitiative.ca\/International\/wp-json\/wp\/v2\/media?parent=48143"}],"wp:term":[{"taxonomy":"category","embeddable":true,"href":"https:\/\/linitiative.ca\/International\/wp-json\/wp\/v2\/categories?post=48143"},{"taxonomy":"post_tag","embeddable":true,"href":"https:\/\/linitiative.ca\/International\/wp-json\/wp\/v2\/tags?post=48143"}],"curies":[{"name":"wp","href":"https:\/\/api.w.org\/{rel}","templated":true}]}}