{"id":48144,"date":"2019-07-24T14:36:00","date_gmt":"2019-07-24T18:36:00","guid":{"rendered":"https:\/\/linitiative.ca\/International\/detournement-du-foncier-forestier-a-bousfer-ladjoint-au-maire-et-deux-elus-auditionnes\/"},"modified":"2019-07-24T14:36:00","modified_gmt":"2019-07-24T18:36:00","slug":"detournement-du-foncier-forestier-a-bousfer-ladjoint-au-maire-et-deux-elus-auditionnes","status":"publish","type":"post","link":"https:\/\/linitiative.ca\/International\/detournement-du-foncier-forestier-a-bousfer-ladjoint-au-maire-et-deux-elus-auditionnes\/","title":{"rendered":"DETOURNEMENT DU FONCIER FORESTIER A BOUSFER : L\u2019adjoint au maire et  deux \u00e9lus auditionn\u00e9s"},"content":{"rendered":"<p><br id=\"sep_para_1\" class=\"sep_para access\"\/><\/p>\n<div id=\"para_1\" class=\"para_32279221 resize\">\n<div class=\"texte access firstletter\">Le bradage du foncier relevant des structures de l&rsquo;Etat a pris de l&rsquo;ampleur au niveau de l&rsquo;ensemble des communes de la wilaya d&rsquo;Oran, apr\u00e8s le d\u00e9tournement du stade communal d\u2019Ain El Turck,\u00a0 au profit d&rsquo;un promoteur immobilier revoil\u00e0 maintenant c&rsquo;est au tour d&rsquo;une importante assiette de terrain situ\u00e9e\u00a0 \u00e0 Bousfer plage relevant du patrimoine forestier et qui a fait l&rsquo;objet de d\u00e9tournement au profit d&rsquo;un promoteur immobilier, qui ce dernier pour s&rsquo;accaparer de cette importante assiette de terrain a constitu\u00e9 un dossier dans le cadre de\u00a0 la fameuse loi du 08\/15\u00a0 promulgu\u00e9e par l&rsquo;ex-gouvernement et ce, pour tenter de b\u00e9n\u00e9ficier d&rsquo;une r\u00e9gularisation administrative. La direction de la conservation des for\u00eats a d\u00e9pos\u00e9 plainte pour d\u00e9tournement de son patrimoine. L&rsquo;actuel vice pr\u00e9sident en compagnie de deux \u00e9lus de l&rsquo;APC de\u00a0 Bousfer ont\u00a0 \u00e9t\u00e9 auditionn\u00e9s par les services de s\u00e9curit\u00e9 en attendant leur comparution devant le juge d&rsquo;instruction pr\u00e8s le tribunal de la da\u00efra d\u2019Ain El\u00a0 Turck pour les d\u00e9lits de d\u00e9tournement du foncier forestier. Nos sources indiquent encore que d&rsquo;autres t\u00e9moins dans cette affaire seront entendus lors de l&rsquo;enqu\u00eate qui est men\u00e9e par les \u00e9l\u00e9ments de la brigade de gendarmerie du chef lieu de la commune de Bousfer.\u00a0\u00a0\u00a0\u00a0\u00a0\u00a0<\/div>\n<\/div>\n<p>Auteur: Medjadji H.<br \/>\n<a href=\"https:\/\/www.reflexiondz.net\/DETOURNEMENT-DU-FONCIER-FORESTIER-A-BOUSFER-L-adjoint-au-maire-et-deux-elus-auditionnes_a56778.html\">Cliquez ici pour lire l&rsquo;article depuis sa source.<\/a><\/p>\n","protected":false},"excerpt":{"rendered":"<p>Le bradage du foncier relevant des structures de l&rsquo;Etat a pris de l&rsquo;ampleur au niveau de l&rsquo;ensemble des communes de la wilaya d&rsquo;Oran, apr\u00e8s le d\u00e9tournement du stade communal d\u2019Ain El Turck,\u00a0 au profit d&rsquo;un promoteur immobilier revoil\u00e0 maintenant c&rsquo;est au tour d&rsquo;une importante assiette de terrain situ\u00e9e\u00a0 \u00e0 Bousfer plage relevant du patrimoine forestier [&hellip;]<\/p>\n","protected":false},"author":1740,"featured_media":0,"comment_status":"closed","ping_status":"closed","sticky":false,"template":"","format":"standard","meta":{"fifu_image_url":"","fifu_image_alt":"","footnotes":""},"categories":[53,76],"tags":[],"class_list":["post-48144","post","type-post","status-publish","format-standard","hentry","category-algerie","category-regions"],"_links":{"self":[{"href":"https:\/\/linitiative.ca\/International\/wp-json\/wp\/v2\/posts\/48144","targetHints":{"allow":["GET"]}}],"collection":[{"href":"https:\/\/linitiative.ca\/International\/wp-json\/wp\/v2\/posts"}],"about":[{"href":"https:\/\/linitiative.ca\/International\/wp-json\/wp\/v2\/types\/post"}],"author":[{"embeddable":true,"href":"https:\/\/linitiative.ca\/International\/wp-json\/wp\/v2\/users\/1740"}],"replies":[{"embeddable":true,"href":"https:\/\/linitiative.ca\/International\/wp-json\/wp\/v2\/comments?post=48144"}],"version-history":[{"count":0,"href":"https:\/\/linitiative.ca\/International\/wp-json\/wp\/v2\/posts\/48144\/revisions"}],"wp:attachment":[{"href":"https:\/\/linitiative.ca\/International\/wp-json\/wp\/v2\/media?parent=48144"}],"wp:term":[{"taxonomy":"category","embeddable":true,"href":"https:\/\/linitiative.ca\/International\/wp-json\/wp\/v2\/categories?post=48144"},{"taxonomy":"post_tag","embeddable":true,"href":"https:\/\/linitiative.ca\/International\/wp-json\/wp\/v2\/tags?post=48144"}],"curies":[{"name":"wp","href":"https:\/\/api.w.org\/{rel}","templated":true}]}}