{"id":48145,"date":"2019-07-24T14:46:00","date_gmt":"2019-07-24T18:46:00","guid":{"rendered":"https:\/\/linitiative.ca\/International\/tribunal-de-sidi-mhamed-issad-rebrab-devant-le-juge-dinstruction\/"},"modified":"2019-07-24T14:46:00","modified_gmt":"2019-07-24T18:46:00","slug":"tribunal-de-sidi-mhamed-issad-rebrab-devant-le-juge-dinstruction","status":"publish","type":"post","link":"https:\/\/linitiative.ca\/International\/tribunal-de-sidi-mhamed-issad-rebrab-devant-le-juge-dinstruction\/","title":{"rendered":"TRIBUNAL DE SIDI M\u2019HAMED : Issad Rebrab devant  le juge d\u2019instruction"},"content":{"rendered":"<p><br id=\"sep_para_1\" class=\"sep_para access\"\/><\/p>\n<div id=\"para_1\" class=\"para_32279307 resize\">\n<div class=\"texte access firstletter\">Le patron du groupe Cevital, Asaad Rabrab, a comparu ce mercredi 24 juillet 2019 devant le juge d\u2019instruction pr\u00e8s le tribunal de Sidi Mohamed d\u2019Alger, a-t-on appris, hier, de bonne source. Le patron du groupe Cevital a \u00e9t\u00e9 plac\u00e9 en d\u00e9tention provisoire le 23 mai dernier. Il est accus\u00e9 de \u00ab fausse d\u00e9claration relative aux transferts illicites de capitaux de et vers l\u2019\u00e9tranger\u00bb, \u00absurfacturation d\u2019\u00e9quipements import\u00e9s\u00bb et \u00abimportation de mat\u00e9riels d\u2019occasion alors qu\u2019il avait b\u00e9n\u00e9fici\u00e9 d\u2019avantages douaniers, fiscaux et bancaires\u00bb. Pour rappel, la chambre d\u2019accusation de la Cour d\u2019Alger a rejet\u00e9, le 5 mai dernier, la demande de libert\u00e9 provisoire introduite par la d\u00e9fense d\u2019Issad Rebrab, confirmant ainsi le maintien en d\u00e9tention provisoire du patron du groupe Cevital.\u00a0\u00a0\u00a0\u00a0\u00a0\u00a0\u00a0\u00a0\u00a0\u00a0\u00a0<\/div>\n<\/div>\n<p>Auteur: Nadine<br \/>\n<a href=\"https:\/\/www.reflexiondz.net\/TRIBUNAL-DE-SIDI-M-HAMED-Issad-Rebrab-devant-le-juge-d-instruction_a56792.html\">Cliquez ici pour lire l&rsquo;article depuis sa source.<\/a><\/p>\n","protected":false},"excerpt":{"rendered":"<p>Le patron du groupe Cevital, Asaad Rabrab, a comparu ce mercredi 24 juillet 2019 devant le juge d\u2019instruction pr\u00e8s le tribunal de Sidi Mohamed d\u2019Alger, a-t-on appris, hier, de bonne source. Le patron du groupe Cevital a \u00e9t\u00e9 plac\u00e9 en d\u00e9tention provisoire le 23 mai dernier. Il est accus\u00e9 de \u00ab fausse d\u00e9claration relative aux [&hellip;]<\/p>\n","protected":false},"author":1740,"featured_media":0,"comment_status":"closed","ping_status":"closed","sticky":false,"template":"","format":"standard","meta":{"fifu_image_url":"","fifu_image_alt":"","footnotes":""},"categories":[53,76],"tags":[],"class_list":["post-48145","post","type-post","status-publish","format-standard","hentry","category-algerie","category-regions"],"_links":{"self":[{"href":"https:\/\/linitiative.ca\/International\/wp-json\/wp\/v2\/posts\/48145","targetHints":{"allow":["GET"]}}],"collection":[{"href":"https:\/\/linitiative.ca\/International\/wp-json\/wp\/v2\/posts"}],"about":[{"href":"https:\/\/linitiative.ca\/International\/wp-json\/wp\/v2\/types\/post"}],"author":[{"embeddable":true,"href":"https:\/\/linitiative.ca\/International\/wp-json\/wp\/v2\/users\/1740"}],"replies":[{"embeddable":true,"href":"https:\/\/linitiative.ca\/International\/wp-json\/wp\/v2\/comments?post=48145"}],"version-history":[{"count":0,"href":"https:\/\/linitiative.ca\/International\/wp-json\/wp\/v2\/posts\/48145\/revisions"}],"wp:attachment":[{"href":"https:\/\/linitiative.ca\/International\/wp-json\/wp\/v2\/media?parent=48145"}],"wp:term":[{"taxonomy":"category","embeddable":true,"href":"https:\/\/linitiative.ca\/International\/wp-json\/wp\/v2\/categories?post=48145"},{"taxonomy":"post_tag","embeddable":true,"href":"https:\/\/linitiative.ca\/International\/wp-json\/wp\/v2\/tags?post=48145"}],"curies":[{"name":"wp","href":"https:\/\/api.w.org\/{rel}","templated":true}]}}