{"id":48146,"date":"2019-07-24T14:46:00","date_gmt":"2019-07-24T18:46:00","guid":{"rendered":"https:\/\/linitiative.ca\/International\/affaires-religieuses-le-preche-de-ce-vendredi-consacre-a-la-corruption\/"},"modified":"2019-07-24T14:46:00","modified_gmt":"2019-07-24T18:46:00","slug":"affaires-religieuses-le-preche-de-ce-vendredi-consacre-a-la-corruption","status":"publish","type":"post","link":"https:\/\/linitiative.ca\/International\/affaires-religieuses-le-preche-de-ce-vendredi-consacre-a-la-corruption\/","title":{"rendered":"AFFAIRES RELIGIEUSES  : Le pr\u00eache de ce vendredi consacr\u00e9 \u00e0 la corruption"},"content":{"rendered":"<p><br id=\"sep_para_1\" class=\"sep_para access\"\/><\/p>\n<div id=\"para_1\" class=\"para_32279305 resize\">\n<div class=\"texte access firstletter\">L\u2019Organe national de pr\u00e9vention et de lutte contre la corruption (Onplc) a demand\u00e9 au minist\u00e8re des affaires religieuses \u00e0 consacrer le pr\u00eache du vendredi, \u00e0 la question de la lutte contre la corruption. Le ministre des Affaires religieuses et des wakfs, Youcef Belmehdi a affirm\u00e9, ce mardi qu\u2019il envisage une coop\u00e9ration entre son d\u00e9partement et l\u2019Onplc pour sensibiliser la soci\u00e9t\u00e9 aux dangers de ce ph\u00e9nom\u00e8ne. Pour se faire, le minist\u00e8re pr\u00e9voit des colloques, des journ\u00e9es d\u2019\u00e9tudes et\u00a0 des programmes de formation en faveur des imams. Ainsi, le pr\u00e9sident de l\u2019ONPLC, Tarek Koura a soulign\u00e9 qu\u2019il avait demand\u00e9 au minist\u00e8re des Affaires religieuses d\u2019appeler les imams \u00e0 consacrer un pr\u00eache unifi\u00e9 le vendredi \u00e0 travers toutes les mosqu\u00e9es du pays pour sensibiliser aux dangers de la corruption sur la soci\u00e9t\u00e9.<\/div>\n<\/div>\n<p>Auteur: Ismain<br \/>\n<a href=\"https:\/\/www.reflexiondz.net\/AFFAIRES-RELIGIEUSES-Le-preche-de-ce-vendredi-consacre-a-la-corruption_a56791.html\">Cliquez ici pour lire l&rsquo;article depuis sa source.<\/a><\/p>\n","protected":false},"excerpt":{"rendered":"<p>L\u2019Organe national de pr\u00e9vention et de lutte contre la corruption (Onplc) a demand\u00e9 au minist\u00e8re des affaires religieuses \u00e0 consacrer le pr\u00eache du vendredi, \u00e0 la question de la lutte contre la corruption. Le ministre des Affaires religieuses et des wakfs, Youcef Belmehdi a affirm\u00e9, ce mardi qu\u2019il envisage une coop\u00e9ration entre son d\u00e9partement et [&hellip;]<\/p>\n","protected":false},"author":1740,"featured_media":0,"comment_status":"closed","ping_status":"closed","sticky":false,"template":"","format":"standard","meta":{"fifu_image_url":"","fifu_image_alt":"","footnotes":""},"categories":[53,76],"tags":[],"class_list":["post-48146","post","type-post","status-publish","format-standard","hentry","category-algerie","category-regions"],"_links":{"self":[{"href":"https:\/\/linitiative.ca\/International\/wp-json\/wp\/v2\/posts\/48146","targetHints":{"allow":["GET"]}}],"collection":[{"href":"https:\/\/linitiative.ca\/International\/wp-json\/wp\/v2\/posts"}],"about":[{"href":"https:\/\/linitiative.ca\/International\/wp-json\/wp\/v2\/types\/post"}],"author":[{"embeddable":true,"href":"https:\/\/linitiative.ca\/International\/wp-json\/wp\/v2\/users\/1740"}],"replies":[{"embeddable":true,"href":"https:\/\/linitiative.ca\/International\/wp-json\/wp\/v2\/comments?post=48146"}],"version-history":[{"count":0,"href":"https:\/\/linitiative.ca\/International\/wp-json\/wp\/v2\/posts\/48146\/revisions"}],"wp:attachment":[{"href":"https:\/\/linitiative.ca\/International\/wp-json\/wp\/v2\/media?parent=48146"}],"wp:term":[{"taxonomy":"category","embeddable":true,"href":"https:\/\/linitiative.ca\/International\/wp-json\/wp\/v2\/categories?post=48146"},{"taxonomy":"post_tag","embeddable":true,"href":"https:\/\/linitiative.ca\/International\/wp-json\/wp\/v2\/tags?post=48146"}],"curies":[{"name":"wp","href":"https:\/\/api.w.org\/{rel}","templated":true}]}}