{"id":48147,"date":"2019-07-24T15:13:00","date_gmt":"2019-07-24T19:13:00","guid":{"rendered":"https:\/\/linitiative.ca\/International\/fin-de-mission-pour-ghali-belkecir-le-general-arar-nouveau-patron-de-la-gendarmerie\/"},"modified":"2019-07-24T15:13:00","modified_gmt":"2019-07-24T19:13:00","slug":"fin-de-mission-pour-ghali-belkecir-le-general-arar-nouveau-patron-de-la-gendarmerie","status":"publish","type":"post","link":"https:\/\/linitiative.ca\/International\/fin-de-mission-pour-ghali-belkecir-le-general-arar-nouveau-patron-de-la-gendarmerie\/","title":{"rendered":"FIN DE MISSION POUR GHALI BELKECIR : Le g\u00e9n\u00e9ral Arar, nouveau patron de la Gendarmerie"},"content":{"rendered":"<p><br id=\"sep_para_1\" class=\"sep_para access\"\/><\/p>\n<div id=\"para_1\" class=\"para_32279544 resize\">\n<div class=\"photo shadow left\"><a href=\"javascript:void(0)\" rel=\"https:\/\/www.reflexiondz.net\/photo\/art\/grande\/35882524-32279544.jpg?v=1563997327&#038;ibox\" title=\"FIN DE MISSION POUR GHALI BELKECIR : Le g\u00e9n\u00e9ral Arar, nouveau patron de la Gendarmerie\"><img decoding=\"async\" class=\"responsive c9\" src=\"https:\/\/www.reflexiondz.net\/photo\/art\/grande\/35882524-32279544.jpg?v=1563997327\" alt=\"FIN DE MISSION POUR GHALI BELKECIR : Le g\u00e9n\u00e9ral Arar, nouveau patron de la Gendarmerie\" title=\"FIN DE MISSION POUR GHALI BELKECIR : Le g\u00e9n\u00e9ral Arar, nouveau patron de la Gendarmerie\"\/><img decoding=\"async\" class=\"not-responsive\" src=\"https:\/\/www.reflexiondz.net\/photo\/art\/default\/35882524-32279544.jpg?v=1563997329\" alt=\"FIN DE MISSION POUR GHALI BELKECIR : Le g\u00e9n\u00e9ral Arar, nouveau patron de la Gendarmerie\" title=\"FIN DE MISSION POUR GHALI BELKECIR : Le g\u00e9n\u00e9ral Arar, nouveau patron de la Gendarmerie\"\/><\/a><\/div>\n<div class=\"texte access firstletter\">Le chef de l&rsquo;Etat, M. Abdelkader Bensalah, a sign\u00e9 aujourd&rsquo;hui, 24 juillet 2019, un d\u00e9cret pr\u00e9sidentiel portant nomination du g\u00e9n\u00e9ral Abderrahmane Arar commandant de la Gendarmerie nationale en remplacement du g\u00e9n\u00e9ral Ghali Belkecir, qui a \u00e9t\u00e9 mis fin \u00e0 ses fonctions\u00a0\u00bb, indique le communiqu\u00e9 de la Pr\u00e9sidence de la R\u00e9publique. Nomm\u00e9 \u00e0 la t\u00eate de la Gendarmerie nationale le 4 juillet 2018, en remplacement du g\u00e9n\u00e9ral-major Menad Nouba, Ghali Belkecir a \u00e9t\u00e9 d\u00e9mis de ses fonctions ce mercredi 24 juillet par le Chef de l\u2019Etat, Abdelkader Bensalah. Le nouveau commandant de la Gendarmerie nationale, le g\u00e9n\u00e9ral Arar avait occup\u00e9 plusieurs postes au sein de la Gendarmerie nationale. Il \u00e9tait notamment Chef d\u2019Etat-major du 1er Commandement de la GN de Blida, Chef du 6e Commandement r\u00e9gional de Tamanrasset. Il avait \u00e9galement occup\u00e9 les postes d\u2019inspecteur r\u00e9gional au sein du 2e Commandement r\u00e9gional de la Gendarmerie d\u2019Oran et de Groupement territorial de Relizane.<\/div>\n<\/div>\n<p>Auteur: Ismain<br \/>\n<a href=\"https:\/\/www.reflexiondz.net\/FIN-DE-MISSION-POUR-GHALI-BELKECIR-Le-general-Arar-nouveau-patron-de-la-Gendarmerie_a56794.html\">Cliquez ici pour lire l&rsquo;article depuis sa source.<\/a><\/p>\n","protected":false},"excerpt":{"rendered":"<p>Le chef de l&rsquo;Etat, M. Abdelkader Bensalah, a sign\u00e9 aujourd&rsquo;hui, 24 juillet 2019, un d\u00e9cret pr\u00e9sidentiel portant nomination du g\u00e9n\u00e9ral Abderrahmane Arar commandant de la Gendarmerie nationale en remplacement du g\u00e9n\u00e9ral Ghali Belkecir, qui a \u00e9t\u00e9 mis fin \u00e0 ses fonctions\u00a0\u00bb, indique le communiqu\u00e9 de la Pr\u00e9sidence de la R\u00e9publique. Nomm\u00e9 \u00e0 la t\u00eate de [&hellip;]<\/p>\n","protected":false},"author":1740,"featured_media":0,"comment_status":"closed","ping_status":"closed","sticky":false,"template":"","format":"standard","meta":{"fifu_image_url":"","fifu_image_alt":"","footnotes":""},"categories":[53,76],"tags":[],"class_list":["post-48147","post","type-post","status-publish","format-standard","hentry","category-algerie","category-regions"],"_links":{"self":[{"href":"https:\/\/linitiative.ca\/International\/wp-json\/wp\/v2\/posts\/48147","targetHints":{"allow":["GET"]}}],"collection":[{"href":"https:\/\/linitiative.ca\/International\/wp-json\/wp\/v2\/posts"}],"about":[{"href":"https:\/\/linitiative.ca\/International\/wp-json\/wp\/v2\/types\/post"}],"author":[{"embeddable":true,"href":"https:\/\/linitiative.ca\/International\/wp-json\/wp\/v2\/users\/1740"}],"replies":[{"embeddable":true,"href":"https:\/\/linitiative.ca\/International\/wp-json\/wp\/v2\/comments?post=48147"}],"version-history":[{"count":0,"href":"https:\/\/linitiative.ca\/International\/wp-json\/wp\/v2\/posts\/48147\/revisions"}],"wp:attachment":[{"href":"https:\/\/linitiative.ca\/International\/wp-json\/wp\/v2\/media?parent=48147"}],"wp:term":[{"taxonomy":"category","embeddable":true,"href":"https:\/\/linitiative.ca\/International\/wp-json\/wp\/v2\/categories?post=48147"},{"taxonomy":"post_tag","embeddable":true,"href":"https:\/\/linitiative.ca\/International\/wp-json\/wp\/v2\/tags?post=48147"}],"curies":[{"name":"wp","href":"https:\/\/api.w.org\/{rel}","templated":true}]}}