{"id":48148,"date":"2019-07-24T15:13:00","date_gmt":"2019-07-24T19:13:00","guid":{"rendered":"https:\/\/linitiative.ca\/International\/lancien-pdg-de-sonatrach-place-sous-controle-judiciaire\/"},"modified":"2019-07-24T15:13:00","modified_gmt":"2019-07-24T19:13:00","slug":"lancien-pdg-de-sonatrach-place-sous-controle-judiciaire","status":"publish","type":"post","link":"https:\/\/linitiative.ca\/International\/lancien-pdg-de-sonatrach-place-sous-controle-judiciaire\/","title":{"rendered":"L\u2019ancien PDG de Sonatrach, plac\u00e9 sous contr\u00f4le judiciaire"},"content":{"rendered":"<p><br id=\"sep_para_1\" class=\"sep_para access\"\/><\/p>\n<div id=\"para_1\" class=\"para_32279550 resize\">\n<div class=\"texte access firstletter\">Mohamed Meziane, ancien PDG de Sonatrach, a \u00e9t\u00e9 plac\u00e9 hier mardi sous contr\u00f4le judiciaire par le juge enqu\u00eateur pr\u00e8s la Cour supr\u00eame, indique un communiqu\u00e9 de cette derni\u00e8re.<br \/>L\u2019ancien patron de la soci\u00e9t\u00e9 publique des hydrocarbures, d\u00e9j\u00e0 condamn\u00e9 dans l\u2019affaire appel\u00e9e commun\u00e9ment Sonatrach I, s\u2019est vu \u00e9galement retirer son passeport, selon la m\u00eame source. Il est poursuivi notamment pour conclusion de transactions en infraction aux r\u00e8glements l\u00e9gislatifs et organisationnels en vigueur en vue d\u2019octroyer des avantages indus \u00e0 autrui, dilapidation des deniers publics et abus de fonction.<\/div>\n<\/div>\n<p>Auteur: R\u00e9flexion<br \/>\n<a href=\"https:\/\/www.reflexiondz.net\/L-ancien-PDG-de-Sonatrach-place-sous-controle-judiciaire_a56795.html\">Cliquez ici pour lire l&rsquo;article depuis sa source.<\/a><\/p>\n","protected":false},"excerpt":{"rendered":"<p>Mohamed Meziane, ancien PDG de Sonatrach, a \u00e9t\u00e9 plac\u00e9 hier mardi sous contr\u00f4le judiciaire par le juge enqu\u00eateur pr\u00e8s la Cour supr\u00eame, indique un communiqu\u00e9 de cette derni\u00e8re.L\u2019ancien patron de la soci\u00e9t\u00e9 publique des hydrocarbures, d\u00e9j\u00e0 condamn\u00e9 dans l\u2019affaire appel\u00e9e commun\u00e9ment Sonatrach I, s\u2019est vu \u00e9galement retirer son passeport, selon la m\u00eame source. Il est [&hellip;]<\/p>\n","protected":false},"author":1740,"featured_media":0,"comment_status":"closed","ping_status":"closed","sticky":false,"template":"","format":"standard","meta":{"fifu_image_url":"","fifu_image_alt":"","footnotes":""},"categories":[53,76],"tags":[],"class_list":["post-48148","post","type-post","status-publish","format-standard","hentry","category-algerie","category-regions"],"_links":{"self":[{"href":"https:\/\/linitiative.ca\/International\/wp-json\/wp\/v2\/posts\/48148","targetHints":{"allow":["GET"]}}],"collection":[{"href":"https:\/\/linitiative.ca\/International\/wp-json\/wp\/v2\/posts"}],"about":[{"href":"https:\/\/linitiative.ca\/International\/wp-json\/wp\/v2\/types\/post"}],"author":[{"embeddable":true,"href":"https:\/\/linitiative.ca\/International\/wp-json\/wp\/v2\/users\/1740"}],"replies":[{"embeddable":true,"href":"https:\/\/linitiative.ca\/International\/wp-json\/wp\/v2\/comments?post=48148"}],"version-history":[{"count":0,"href":"https:\/\/linitiative.ca\/International\/wp-json\/wp\/v2\/posts\/48148\/revisions"}],"wp:attachment":[{"href":"https:\/\/linitiative.ca\/International\/wp-json\/wp\/v2\/media?parent=48148"}],"wp:term":[{"taxonomy":"category","embeddable":true,"href":"https:\/\/linitiative.ca\/International\/wp-json\/wp\/v2\/categories?post=48148"},{"taxonomy":"post_tag","embeddable":true,"href":"https:\/\/linitiative.ca\/International\/wp-json\/wp\/v2\/tags?post=48148"}],"curies":[{"name":"wp","href":"https:\/\/api.w.org\/{rel}","templated":true}]}}