{"id":48149,"date":"2019-07-24T15:13:00","date_gmt":"2019-07-24T19:13:00","guid":{"rendered":"https:\/\/linitiative.ca\/International\/la-gestion-de-la-commune-doran-sous-la-loupe-le-maire-doran-et-son-sg-interdits-de-quitter-le-territoire\/"},"modified":"2019-07-24T15:13:00","modified_gmt":"2019-07-24T19:13:00","slug":"la-gestion-de-la-commune-doran-sous-la-loupe-le-maire-doran-et-son-sg-interdits-de-quitter-le-territoire","status":"publish","type":"post","link":"https:\/\/linitiative.ca\/International\/la-gestion-de-la-commune-doran-sous-la-loupe-le-maire-doran-et-son-sg-interdits-de-quitter-le-territoire\/","title":{"rendered":"LA GESTION DE LA COMMUNE D\u2019ORAN SOUS LA LOUPE  : Le maire d&rsquo;Oran et son SG interdits de quitter le territoire"},"content":{"rendered":"<p><br id=\"sep_para_1\" class=\"sep_para access\"\/><\/p>\n<div id=\"para_1\" class=\"para_32279537 resize\">\n<div class=\"photo shadow left\"><a href=\"javascript:void(0)\" rel=\"https:\/\/www.reflexiondz.net\/photo\/art\/grande\/35882519-32279537.jpg?v=1563997334&#038;ibox\" title=\"LA GESTION DE LA COMMUNE D\u2019ORAN SOUS LA LOUPE : Le maire d'Oran et son SG interdits de quitter le territoire\"><img decoding=\"async\" class=\"responsive c9\" src=\"https:\/\/www.reflexiondz.net\/photo\/art\/grande\/35882519-32279537.jpg?v=1563997334\" alt=\"LA GESTION DE LA COMMUNE D\u2019ORAN SOUS LA LOUPE : Le maire d'Oran et son SG interdits de quitter le territoire\" title=\"LA GESTION DE LA COMMUNE D\u2019ORAN SOUS LA LOUPE : Le maire d'Oran et son SG interdits de quitter le territoire\"\/><img decoding=\"async\" class=\"not-responsive\" src=\"https:\/\/www.reflexiondz.net\/photo\/art\/default\/35882519-32279537.jpg?v=1563997336\" alt=\"LA GESTION DE LA COMMUNE D\u2019ORAN SOUS LA LOUPE : Le maire d'Oran et son SG interdits de quitter le territoire\" title=\"LA GESTION DE LA COMMUNE D\u2019ORAN SOUS LA LOUPE : Le maire d'Oran et son SG interdits de quitter le territoire\"\/><\/a><\/div>\n<div class=\"texte access firstletter\">En raison d\u2019une enqu\u00eate dont ils font l\u2019objet, le maire d&rsquo;Oran, M. Boukhatem Noureddine\u00a0 et le SG de l\u2019APC, M. Fakha Benaoumeur sont interdits de quitter le territoire national. Selon des sources s\u00e9curitaires, ces deux responsables, sous le coup d\u2019une ISTN, sont\u00a0 soup\u00e7onn\u00e9s d\u2019implication dans la corruption et \u00e9galement dans la protection d\u2019anciens responsables et hommes d\u2019affaires, \u00e0 travers des informations qu\u2019ils transmettaient aux magistrats. C\u2019est l\u2019office de la lutte contre la corruption qui est charg\u00e9 par le parquet de mener ces enqu\u00eates. Par ailleurs, l&rsquo;on nous fait part du voyage VIP de l&rsquo;actuel secr\u00e9taire g\u00e9n\u00e9ral de l&rsquo;APC d&rsquo;Oran en l&rsquo;occurrence Hadj Benaoumeur Fakha qui \u00e9tait programm\u00e9 en direction de la Mecque en compagnie d\u2019un chef de la da\u00efra. Malheureusement, ce dernier va voyager seul \u00e0 partir de l&rsquo;a\u00e9roport Ahmed Benbella d&rsquo;Es-Senia \u00e0 Oran.\u00a0\u00a0<\/div>\n<\/div>\n<p>Auteur: Medjadji H.<br \/>\n<a href=\"https:\/\/www.reflexiondz.net\/LA-GESTION-DE-LA-COMMUNE-D-ORAN-SOUS-LA-LOUPE-Le-maire-d-Oran-et-son-SG-interdits-de-quitter-le-territoire_a56793.html\">Cliquez ici pour lire l&rsquo;article depuis sa source.<\/a><\/p>\n","protected":false},"excerpt":{"rendered":"<p>En raison d\u2019une enqu\u00eate dont ils font l\u2019objet, le maire d&rsquo;Oran, M. Boukhatem Noureddine\u00a0 et le SG de l\u2019APC, M. Fakha Benaoumeur sont interdits de quitter le territoire national. Selon des sources s\u00e9curitaires, ces deux responsables, sous le coup d\u2019une ISTN, sont\u00a0 soup\u00e7onn\u00e9s d\u2019implication dans la corruption et \u00e9galement dans la protection d\u2019anciens responsables et [&hellip;]<\/p>\n","protected":false},"author":1740,"featured_media":0,"comment_status":"closed","ping_status":"closed","sticky":false,"template":"","format":"standard","meta":{"fifu_image_url":"","fifu_image_alt":"","footnotes":""},"categories":[53,76],"tags":[],"class_list":["post-48149","post","type-post","status-publish","format-standard","hentry","category-algerie","category-regions"],"_links":{"self":[{"href":"https:\/\/linitiative.ca\/International\/wp-json\/wp\/v2\/posts\/48149","targetHints":{"allow":["GET"]}}],"collection":[{"href":"https:\/\/linitiative.ca\/International\/wp-json\/wp\/v2\/posts"}],"about":[{"href":"https:\/\/linitiative.ca\/International\/wp-json\/wp\/v2\/types\/post"}],"author":[{"embeddable":true,"href":"https:\/\/linitiative.ca\/International\/wp-json\/wp\/v2\/users\/1740"}],"replies":[{"embeddable":true,"href":"https:\/\/linitiative.ca\/International\/wp-json\/wp\/v2\/comments?post=48149"}],"version-history":[{"count":0,"href":"https:\/\/linitiative.ca\/International\/wp-json\/wp\/v2\/posts\/48149\/revisions"}],"wp:attachment":[{"href":"https:\/\/linitiative.ca\/International\/wp-json\/wp\/v2\/media?parent=48149"}],"wp:term":[{"taxonomy":"category","embeddable":true,"href":"https:\/\/linitiative.ca\/International\/wp-json\/wp\/v2\/categories?post=48149"},{"taxonomy":"post_tag","embeddable":true,"href":"https:\/\/linitiative.ca\/International\/wp-json\/wp\/v2\/tags?post=48149"}],"curies":[{"name":"wp","href":"https:\/\/api.w.org\/{rel}","templated":true}]}}