{"id":48150,"date":"2019-07-24T15:14:00","date_gmt":"2019-07-24T19:14:00","guid":{"rendered":"https:\/\/linitiative.ca\/International\/belmadi-sauve-zetchi-du-limogeage\/"},"modified":"2019-07-24T15:14:00","modified_gmt":"2019-07-24T19:14:00","slug":"belmadi-sauve-zetchi-du-limogeage","status":"publish","type":"post","link":"https:\/\/linitiative.ca\/International\/belmadi-sauve-zetchi-du-limogeage\/","title":{"rendered":"Belmadi sauve Zetchi du limogeage"},"content":{"rendered":"<p><br id=\"sep_para_1\" class=\"sep_para access\"\/><\/p>\n<div id=\"para_1\" class=\"para_32279556 resize\">\n<div class=\"texte access firstletter\">Le ministre de la jeunesse et des sports, Abderraouf Salim Bernaoui, a qualifi\u00e9 de \u00ab paroles \u00bb et \u00ab bruits \u00bb les derni\u00e8res rumeurs autour du d\u00e9part de Kheireddine Zetchi. C\u2019\u00e9taient d\u2019ailleurs, plus que des rumeurs puisque la Radio Nationale, m\u00e9dia \u00e9tatique, a annonc\u00e9 le d\u00e9part du patron de la FAF pour jeudi. L\u2019intervention du ministre et son ton apais\u00e9 pourraient indiquer un certain revirement dans le dossier. Certains observateurs n\u2019ont pas h\u00e9sit\u00e9 \u00e0 lier le sort du pr\u00e9sident de la FAF \u00e0 celui de Belmadi. Un d\u00e9part de Belmadi serait mal accueilli par le peuple qu\u2019il a identifi\u00e9 comme l\u2019artisan du sacre africain. Cette donne aurait peut \u00eatre jou\u00e9 en faveur de Kheireddine Zetchi qui est, rappelons, le \u00e0 mi-mandat.<\/div>\n<\/div>\n<p>Auteur: R\u00e9flexion<br \/>\n<a href=\"https:\/\/www.reflexiondz.net\/Belmadi-sauve-Zetchi-du-limogeage_a56797.html\">Cliquez ici pour lire l&rsquo;article depuis sa source.<\/a><\/p>\n","protected":false},"excerpt":{"rendered":"<p>Le ministre de la jeunesse et des sports, Abderraouf Salim Bernaoui, a qualifi\u00e9 de \u00ab paroles \u00bb et \u00ab bruits \u00bb les derni\u00e8res rumeurs autour du d\u00e9part de Kheireddine Zetchi. C\u2019\u00e9taient d\u2019ailleurs, plus que des rumeurs puisque la Radio Nationale, m\u00e9dia \u00e9tatique, a annonc\u00e9 le d\u00e9part du patron de la FAF pour jeudi. L\u2019intervention du [&hellip;]<\/p>\n","protected":false},"author":1740,"featured_media":0,"comment_status":"closed","ping_status":"closed","sticky":false,"template":"","format":"standard","meta":{"fifu_image_url":"","fifu_image_alt":"","footnotes":""},"categories":[53,76],"tags":[],"class_list":["post-48150","post","type-post","status-publish","format-standard","hentry","category-algerie","category-regions"],"_links":{"self":[{"href":"https:\/\/linitiative.ca\/International\/wp-json\/wp\/v2\/posts\/48150","targetHints":{"allow":["GET"]}}],"collection":[{"href":"https:\/\/linitiative.ca\/International\/wp-json\/wp\/v2\/posts"}],"about":[{"href":"https:\/\/linitiative.ca\/International\/wp-json\/wp\/v2\/types\/post"}],"author":[{"embeddable":true,"href":"https:\/\/linitiative.ca\/International\/wp-json\/wp\/v2\/users\/1740"}],"replies":[{"embeddable":true,"href":"https:\/\/linitiative.ca\/International\/wp-json\/wp\/v2\/comments?post=48150"}],"version-history":[{"count":0,"href":"https:\/\/linitiative.ca\/International\/wp-json\/wp\/v2\/posts\/48150\/revisions"}],"wp:attachment":[{"href":"https:\/\/linitiative.ca\/International\/wp-json\/wp\/v2\/media?parent=48150"}],"wp:term":[{"taxonomy":"category","embeddable":true,"href":"https:\/\/linitiative.ca\/International\/wp-json\/wp\/v2\/categories?post=48150"},{"taxonomy":"post_tag","embeddable":true,"href":"https:\/\/linitiative.ca\/International\/wp-json\/wp\/v2\/tags?post=48150"}],"curies":[{"name":"wp","href":"https:\/\/api.w.org\/{rel}","templated":true}]}}