{"id":48151,"date":"2019-07-24T15:14:00","date_gmt":"2019-07-24T19:14:00","guid":{"rendered":"https:\/\/linitiative.ca\/International\/cheb-mami-retourne-a-saida\/"},"modified":"2019-07-24T15:14:00","modified_gmt":"2019-07-24T19:14:00","slug":"cheb-mami-retourne-a-saida","status":"publish","type":"post","link":"https:\/\/linitiative.ca\/International\/cheb-mami-retourne-a-saida\/","title":{"rendered":"Cheb Mami retourne \u00e0 Sa\u00efda"},"content":{"rendered":"<p><br id=\"sep_para_1\" class=\"sep_para access\"\/><\/p>\n<div id=\"para_1\" class=\"para_32279554 resize\">\n<div class=\"texte access firstletter\">On apprend par des citoyens de la ville de Saida que Cheb Mami va animer un gala musical ce jeudi 25 juillet dans sa ville natale organis\u00e9 par la wilaya en grandes pompes. Cheb Mami, fils de la ville, issu d\u2019un quartier populaire pauvre ne s\u2019est jamais produit \u00e0 Saida. Pire, m\u00eame quand il \u00e9tait attendu en 2011 par toute la population saidienne, il leur a fauss\u00e9 compagnie. Ce retour aujourd\u2019hui de l\u2019enfant terrible de Saida pose de nombreuses questions aux observateurs de la ville. Est-ce que suite \u00e0 la faillite financi\u00e8re et politique que Mami retourne au bercail pour se refaire une sant\u00e9 ou bien essaie t-il de remonter la pente \u00e0 partir de Saida o\u00f9 il se sentirait chez lui et ne craindrait pas l\u2019hostilit\u00e9 du public qu\u2019il consid\u00e8re comme acquis ?<\/div>\n<\/div>\n<p>Auteur: R\u00e9flexion<br \/>\n<a href=\"https:\/\/www.reflexiondz.net\/Cheb-Mami-retourne-a-Saida_a56796.html\">Cliquez ici pour lire l&rsquo;article depuis sa source.<\/a><\/p>\n","protected":false},"excerpt":{"rendered":"<p>On apprend par des citoyens de la ville de Saida que Cheb Mami va animer un gala musical ce jeudi 25 juillet dans sa ville natale organis\u00e9 par la wilaya en grandes pompes. Cheb Mami, fils de la ville, issu d\u2019un quartier populaire pauvre ne s\u2019est jamais produit \u00e0 Saida. Pire, m\u00eame quand il \u00e9tait [&hellip;]<\/p>\n","protected":false},"author":1740,"featured_media":0,"comment_status":"closed","ping_status":"closed","sticky":false,"template":"","format":"standard","meta":{"fifu_image_url":"","fifu_image_alt":"","footnotes":""},"categories":[53,76],"tags":[],"class_list":["post-48151","post","type-post","status-publish","format-standard","hentry","category-algerie","category-regions"],"_links":{"self":[{"href":"https:\/\/linitiative.ca\/International\/wp-json\/wp\/v2\/posts\/48151","targetHints":{"allow":["GET"]}}],"collection":[{"href":"https:\/\/linitiative.ca\/International\/wp-json\/wp\/v2\/posts"}],"about":[{"href":"https:\/\/linitiative.ca\/International\/wp-json\/wp\/v2\/types\/post"}],"author":[{"embeddable":true,"href":"https:\/\/linitiative.ca\/International\/wp-json\/wp\/v2\/users\/1740"}],"replies":[{"embeddable":true,"href":"https:\/\/linitiative.ca\/International\/wp-json\/wp\/v2\/comments?post=48151"}],"version-history":[{"count":0,"href":"https:\/\/linitiative.ca\/International\/wp-json\/wp\/v2\/posts\/48151\/revisions"}],"wp:attachment":[{"href":"https:\/\/linitiative.ca\/International\/wp-json\/wp\/v2\/media?parent=48151"}],"wp:term":[{"taxonomy":"category","embeddable":true,"href":"https:\/\/linitiative.ca\/International\/wp-json\/wp\/v2\/categories?post=48151"},{"taxonomy":"post_tag","embeddable":true,"href":"https:\/\/linitiative.ca\/International\/wp-json\/wp\/v2\/tags?post=48151"}],"curies":[{"name":"wp","href":"https:\/\/api.w.org\/{rel}","templated":true}]}}