{"id":48152,"date":"2019-07-24T15:15:00","date_gmt":"2019-07-24T19:15:00","guid":{"rendered":"https:\/\/linitiative.ca\/International\/brik-abdelkader-nouvel-entraineur-de-wa-mostaganem-le-widad-passe-enfin-a-laction\/"},"modified":"2019-07-24T15:15:00","modified_gmt":"2019-07-24T19:15:00","slug":"brik-abdelkader-nouvel-entraineur-de-wa-mostaganem-le-widad-passe-enfin-a-laction","status":"publish","type":"post","link":"https:\/\/linitiative.ca\/International\/brik-abdelkader-nouvel-entraineur-de-wa-mostaganem-le-widad-passe-enfin-a-laction\/","title":{"rendered":"BRIK ABDELKADER, NOUVEL ENTRAINEUR DE WA MOSTAGANEM : Le Widad passe enfin \u00e0 l&rsquo;action"},"content":{"rendered":"<p><br id=\"sep_para_1\" class=\"sep_para access\"\/><\/p>\n<div id=\"para_1\" class=\"para_32279564 resize\">\n<div class=\"photo shadow left\"><a href=\"javascript:void(0)\" rel=\"https:\/\/www.reflexiondz.net\/photo\/art\/grande\/35882638-32279564.jpg?v=1563997339&#038;ibox\" title=\"BRIK ABDELKADER, NOUVEL ENTRAINEUR DE WA MOSTAGANEM : Le Widad passe enfin \u00e0 l'action\"><img decoding=\"async\" class=\"responsive c9\" src=\"https:\/\/www.reflexiondz.net\/photo\/art\/grande\/35882638-32279564.jpg?v=1563997339\" alt=\"BRIK ABDELKADER, NOUVEL ENTRAINEUR DE WA MOSTAGANEM : Le Widad passe enfin \u00e0 l'action\" title=\"BRIK ABDELKADER, NOUVEL ENTRAINEUR DE WA MOSTAGANEM : Le Widad passe enfin \u00e0 l'action\"\/><img decoding=\"async\" class=\"not-responsive\" src=\"https:\/\/www.reflexiondz.net\/photo\/art\/default\/35882638-32279564.jpg?v=1563997341\" alt=\"BRIK ABDELKADER, NOUVEL ENTRAINEUR DE WA MOSTAGANEM : Le Widad passe enfin \u00e0 l'action\" title=\"BRIK ABDELKADER, NOUVEL ENTRAINEUR DE WA MOSTAGANEM : Le Widad passe enfin \u00e0 l'action\"\/><\/a><\/div>\n<div class=\"texte access firstletter\">Cette m\u00eame personne connue dans le milieu Oranais , actuellement actionnaire du MC Oran , a nomm\u00e9 l&rsquo;ex: pr\u00e9sident du Directoire du WAM\u00a0 , en l&rsquo;occurrence Monsieur Messabih Belegra\u00e0 comme manager g\u00e9n\u00e9ral du club . Ce dernier en collaboration avec le pr\u00e9sident Guenfouda Sofiane , a pris contact avec Brik Abdelkader pour qu&rsquo;il soit le nouvel entraineur du WA Mostaganem , \u00e9dition 2019-2020 . Ce jeune entraineur n&rsquo;est pas \u00e9tranger au WAM , vu que , dans le pass\u00e9 , il l&rsquo;a driv\u00e9 et avec lequel il a obtenu de bons r\u00e9sultats . Il a obtenu \u00e9galement de bons r\u00e9sultats avec d&rsquo;autres clubs qu&rsquo;il a driv\u00e9s , nous citons le SCM Oran , l&rsquo;IRB El-Kerma , le MB Sidi Chahmi etc &#8230; Le nouveau coach sera second\u00e9 dans sa t\u00e2che par l&rsquo;ex: joueur de l&rsquo;ESM , du WAM et de l&rsquo;AS Oran qui n&rsquo;est autre que Saihi Said , \u00ab\u00a0Saidou \u00a0\u00bb pour les intimes . Du cot\u00e9 recrutement , la Direction du club et le staff technique sont en contact avec quelques bons joueurs mais , pour le moment , on ne voudrait d\u00e9voiler leurs noms et ce , afin que les n\u00e9gociations n&rsquo;\u00e9chouent pas . On murmure des noms mais tant qu&rsquo;il n&rsquo;y a rien d&rsquo;officiel , on ne peut citer leurs noms . Cependant , \u00e0 citer ces deux officielles recrues , il s&rsquo;agit de l&rsquo;attaquant Mokretar Mohamed Amine et du milieu de terrain Benkablia Yacine , qui ont port\u00e9 , la saison pass\u00e9e , respectivement les couleurs du CRM Bouguirat et de la JS Emir Abdelkader . D&rsquo;autres noms seront d\u00e9voil\u00e9s au cours de ces prochains jours . Par ailleurs , seuls quelques joueurs de la saison \u00e9coul\u00e9e seront retenus , ceux qui ont donn\u00e9 enti\u00e8re satisfaction \u00e0 leur club . La reprise des entrainements est programm\u00e9e le 03 aout 2019 dans un lieu qui n&rsquo;est pas encore d\u00e9termin\u00e9 vu que le stade Benslimane est en pleine r\u00e9novation et les travaux avancent au petit trop, \u00e0 pas de tortue.<\/div>\n<\/div>\n<p>Auteur: Amara Abdelkader<br \/>\n<a href=\"https:\/\/www.reflexiondz.net\/BRIK-ABDELKADER-NOUVEL-ENTRAINEUR-DE-WA-MOSTAGANEM-Le-Widad-passe-enfin-a-l-action_a56799.html\">Cliquez ici pour lire l&rsquo;article depuis sa source.<\/a><\/p>\n","protected":false},"excerpt":{"rendered":"<p>Cette m\u00eame personne connue dans le milieu Oranais , actuellement actionnaire du MC Oran , a nomm\u00e9 l&rsquo;ex: pr\u00e9sident du Directoire du WAM\u00a0 , en l&rsquo;occurrence Monsieur Messabih Belegra\u00e0 comme manager g\u00e9n\u00e9ral du club . Ce dernier en collaboration avec le pr\u00e9sident Guenfouda Sofiane , a pris contact avec Brik Abdelkader pour qu&rsquo;il soit le [&hellip;]<\/p>\n","protected":false},"author":1740,"featured_media":0,"comment_status":"closed","ping_status":"closed","sticky":false,"template":"","format":"standard","meta":{"fifu_image_url":"","fifu_image_alt":"","footnotes":""},"categories":[53,76],"tags":[],"class_list":["post-48152","post","type-post","status-publish","format-standard","hentry","category-algerie","category-regions"],"_links":{"self":[{"href":"https:\/\/linitiative.ca\/International\/wp-json\/wp\/v2\/posts\/48152","targetHints":{"allow":["GET"]}}],"collection":[{"href":"https:\/\/linitiative.ca\/International\/wp-json\/wp\/v2\/posts"}],"about":[{"href":"https:\/\/linitiative.ca\/International\/wp-json\/wp\/v2\/types\/post"}],"author":[{"embeddable":true,"href":"https:\/\/linitiative.ca\/International\/wp-json\/wp\/v2\/users\/1740"}],"replies":[{"embeddable":true,"href":"https:\/\/linitiative.ca\/International\/wp-json\/wp\/v2\/comments?post=48152"}],"version-history":[{"count":0,"href":"https:\/\/linitiative.ca\/International\/wp-json\/wp\/v2\/posts\/48152\/revisions"}],"wp:attachment":[{"href":"https:\/\/linitiative.ca\/International\/wp-json\/wp\/v2\/media?parent=48152"}],"wp:term":[{"taxonomy":"category","embeddable":true,"href":"https:\/\/linitiative.ca\/International\/wp-json\/wp\/v2\/categories?post=48152"},{"taxonomy":"post_tag","embeddable":true,"href":"https:\/\/linitiative.ca\/International\/wp-json\/wp\/v2\/tags?post=48152"}],"curies":[{"name":"wp","href":"https:\/\/api.w.org\/{rel}","templated":true}]}}